{"id":254280,"date":"2025-07-17T16:03:10","date_gmt":"2025-07-17T16:03:10","guid":{"rendered":"https:\/\/www.europesays.com\/fr\/254280\/"},"modified":"2025-07-17T16:03:10","modified_gmt":"2025-07-17T16:03:10","slug":"lucas-beraldo-direction-la-premier-league","status":"publish","type":"post","link":"https:\/\/www.europesays.com\/fr\/254280\/","title":{"rendered":"Lucas Beraldo direction la Premier League ?"},"content":{"rendered":"<p><img width=\"780\" height=\"470\" src=\"https:\/\/www.europesays.com\/fr\/wp-content\/uploads\/2025\/07\/Lucas-Beraldo-1-780x470.jpg\" class=\"attachment-jannah-image-post size-jannah-image-post wp-post-image\" alt=\"Lucas Beraldo\" is_main_img=\"1\" decoding=\"async\" fetchpriority=\"high\"\/><\/p>\n<p>Le <strong>PSG<\/strong> s\u2019appr\u00eate \u00e0 affiner son effectif<br \/>\npour la saison 2025 \/ 2026 avec notamment des d\u00e9parts \u00e0 pr\u00e9voir.<br \/>\nParmi eux, le dossier <strong>Lucas Berlado<\/strong> pourrait<br \/>\ntrouver une issue rapidement de l\u2019autre c\u00f4t\u00e9 de La Manche.<\/p>\n<p>Dans la foul\u00e9e de la d\u00e9faite en finale de <strong>Coupe du Monde<br \/>\ndes Clubs<\/strong> (3-0) face \u00e0 <strong>Chelsea<\/strong>, les<br \/>\npremi\u00e8res informations autour du mercato estival du<br \/>\n<strong>PSG<\/strong> ont point\u00e9 le bout de leur nez. Le premier nom<br \/>\nsorti a \u00e9t\u00e9 <strong>Lucas Beraldo<\/strong>. En effet, nos confr\u00e8res<br \/>\nde L\u2019Equipe ont fait \u00e9tat d\u2019une volont\u00e9 de la part du<br \/>\nd\u00e9fenseur central br\u00e9silien de se trouver un nouveau point de chute<br \/>\navec pour but d\u2019occuper dans un groupe une place plus pr\u00e9pond\u00e9rante<br \/>\nque celle occup\u00e9e dans le groupe de <strong>Luis Enrique<\/strong>.<br \/>\nSaison avec une <strong>Coupe du Monde<\/strong> \u00e0 son terme,<br \/>\n<strong>Lucas Beraldo<\/strong> semble vouloir mettre toutes les<br \/>\nchances de son c\u00f4t\u00e9 afin d\u2019y participer avec la Sele\u00e7ao<br \/>\nbr\u00e9silienne. Le m\u00e9dia britannique <a href=\"https:\/\/tbrfootball.com\/bournemouth-make-contact-over-champions-league-winning-defender-but-hes-being-offered-to-liverpool\/\" rel=\"nofollow noopener\" target=\"_blank\"><br \/>\nTBR Football<\/a> affirme aujourd\u2019hui que le d\u00e9fenseur de 21<br \/>\nans serait sur les tablettes de \u2026 <strong>Bournemouth<\/strong>.<br \/>\nAinsi, un chass\u00e9 crois\u00e9 pourrait se dessiner avec <strong>Illia<br \/>\nZabarnyi<\/strong> qui pourrait faire le chemin inverse en quittant<br \/>\nles Cherries et rejoignant le club de la capitale.<br \/>\nL\u2019Ukrainien disposerait d\u2019ores et d\u00e9j\u00e0 d\u2019un accord avec les<br \/>\ndirigeants parisiens, restant dans l\u2019attente d\u2019un accord entre les<br \/>\ndeux clubs, et mettant ainsi de c\u00f4t\u00e9 toutes chances de rejoindre<br \/>\n<strong>Chelsea<\/strong>, <strong>Newcastle<\/strong> ou encore<br \/>\n<strong>Liverpool<\/strong> qui seraient \u00e9galement sur le coup. Car<br \/>\noui, <strong>Jarell Quansah<\/strong> parti pour le <strong>Bayer<br \/>\nLeverkusen<\/strong>, les Reds restent \u00e0 la recherche d\u2019un<br \/>\nd\u00e9fenseur central.<\/p>\n<p>Si le deal et les pourparlers semblent bien avanc\u00e9s entre le<br \/>\n<strong>PSG<\/strong> et <strong>Bournemouth<\/strong> pour<br \/>\n<strong>Illia Zabarnyi<\/strong>, le club du sud de l\u2019Angleterre<br \/>\nreste inflexible quant aux 70 millions d\u2019euros attendus face \u00e0 la<br \/>\nderni\u00e8re offre du <strong><a href=\"https:\/\/canal-supporters.com\/\" rel=\"nofollow noopener\" target=\"_blank\">Paris Saint-Germain<\/a><\/strong> de<br \/>\n60M\u20ac. Cependant et toujours selon TBR Football, ce stade<br \/>\navanc\u00e9 pousse <strong>Liverpool<\/strong> \u00e0 regarder ailleurs et se<br \/>\nvoir proposer \u2026 <strong>Lucas Beraldo<\/strong> ! Un choix en plus<br \/>\nde <strong>Bournemouth<\/strong> pour le d\u00e9fenseur central du<br \/>\n<strong>PSG<\/strong> en qu\u00eate d\u2019un temps de jeu plus cons\u00e9quent, et<br \/>\nqui voit \u00e9galement <strong>Chelsea<\/strong> comme une porte de<br \/>\nsortie potentielle.<\/p>\n<\/p>\n<p>YouTube : <a href=\"https:\/\/www.youtube.com\/watch?v=ElzaIbPiVW0&amp;t=1688s\" rel=\"nofollow noopener\" target=\"_blank\">Canal<br \/>\nSupporters Paris<\/a><\/p>\n","protected":false},"excerpt":{"rendered":"Le PSG s\u2019appr\u00eate \u00e0 affiner son effectif pour la saison 2025 \/ 2026 avec notamment des d\u00e9parts \u00e0&hellip;\n","protected":false},"author":2,"featured_media":254281,"comment_status":"","ping_status":"","sticky":false,"template":"","format":"standard","meta":{"footnotes":""},"categories":[1410],"tags":[785,30940,17618,81,11871,63,1011,27,3490,790,39459,1434,1435,91,92,93,60,96],"class_list":{"0":"post-254280","1":"post","2":"type-post","3":"status-publish","4":"format-standard","5":"has-post-thumbnail","7":"category-football","8":"tag-beraldo","9":"tag-beraldo-psg","10":"tag-bournemouth","11":"tag-canal-supporters","12":"tag-chelsea","13":"tag-football","14":"tag-fr","15":"tag-france","16":"tag-liverpool","17":"tag-lucas-beraldo","18":"tag-lucas-beraldo-psg","19":"tag-mercato","20":"tag-mercato-psg","21":"tag-paris-saint-germain","22":"tag-paris-sg","23":"tag-psg","24":"tag-sports","25":"tag-une"},"share_on_mastodon":{"url":"https:\/\/pubeurope.com\/@fr\/114869423607370794","error":""},"_links":{"self":[{"href":"https:\/\/www.europesays.com\/fr\/wp-json\/wp\/v2\/posts\/254280","targetHints":{"allow":["GET"]}}],"collection":[{"href":"https:\/\/www.europesays.com\/fr\/wp-json\/wp\/v2\/posts"}],"about":[{"href":"https:\/\/www.europesays.com\/fr\/wp-json\/wp\/v2\/types\/post"}],"author":[{"embeddable":true,"href":"https:\/\/www.europesays.com\/fr\/wp-json\/wp\/v2\/users\/2"}],"replies":[{"embeddable":true,"href":"https:\/\/www.europesays.com\/fr\/wp-json\/wp\/v2\/comments?post=254280"}],"version-history":[{"count":0,"href":"https:\/\/www.europesays.com\/fr\/wp-json\/wp\/v2\/posts\/254280\/revisions"}],"wp:featuredmedia":[{"embeddable":true,"href":"https:\/\/www.europesays.com\/fr\/wp-json\/wp\/v2\/media\/254281"}],"wp:attachment":[{"href":"https:\/\/www.europesays.com\/fr\/wp-json\/wp\/v2\/media?parent=254280"}],"wp:term":[{"taxonomy":"category","embeddable":true,"href":"https:\/\/www.europesays.com\/fr\/wp-json\/wp\/v2\/categories?post=254280"},{"taxonomy":"post_tag","embeddable":true,"href":"https:\/\/www.europesays.com\/fr\/wp-json\/wp\/v2\/tags?post=254280"}],"curies":[{"name":"wp","href":"https:\/\/api.w.org\/{rel}","templated":true}]}}