{"id":254284,"date":"2025-07-17T16:05:13","date_gmt":"2025-07-17T16:05:13","guid":{"rendered":"https:\/\/www.europesays.com\/fr\/254284\/"},"modified":"2025-07-17T16:05:13","modified_gmt":"2025-07-17T16:05:13","slug":"a-bali-une-villa-brutaliste-avec-piscine-inspiree-par-le-film-parasite","status":"publish","type":"post","link":"https:\/\/www.europesays.com\/fr\/254284\/","title":{"rendered":"\u00c0 Bali, une villa brutaliste avec piscine inspir\u00e9e par le film Parasite"},"content":{"rendered":"<p>Nich\u00e9e entre une <a href=\"https:\/\/www.admagazine.fr\/decoration\/visite-privee\/article\/a-bali-une-maison-de-reve-en-pleine-nature\" target=\"_blank\" rel=\"noopener\">for\u00eat<\/a> luxuriante et les champs de riz pittoresques de Tumbak Bayuh, la villa rappelle l\u2019imposante maison de la famille Park, point focal du film Parasite du r\u00e9alisateur cor\u00e9en Bong Jo Hoon. Aussi fascinant que gla\u00e7ant, le film paru en 2019 et r\u00e9compens\u00e9 la m\u00eame ann\u00e9e par une Palme d\u2019Or \u00e0 <a href=\"https:\/\/www.admagazine.fr\/article\/meilleurs-restaurants-cannes-environs\" target=\"_blank\" rel=\"noopener\">Cannes<\/a>, porte un regard ac\u00e9r\u00e9 sur la soci\u00e9t\u00e9 cor\u00e9enne. Si la maison des Park a \u00e9t\u00e9 cr\u00e9\u00e9e de toute pi\u00e8ce par le d\u00e9corateur du film, Lee Ha Jun, pour satisfaire la vision artistique du r\u00e9alisateur, celle-ci, \u00e0 cinq minutes en voiture de la plage de Pererenan \u00ab c\u00e9l\u00e8bre pour ses couchers de soleil spectaculaires et son ambiance paisible \u00bb selon l&rsquo;agence Bali Home Immo, est bien r\u00e9elle.<\/p>\n<p>Un clair-obscur qui donne envie de se pr\u00e9lasser \u00e0 l&rsquo;ombre<\/p>\n<p>Avec sa silhouette rectangulaire, son b\u00e9ton couvert de lierre et sa piscine de pr\u00e8s de 60 m\u00e8tres carr\u00e9s, la villa aux tons de gris et de brun dans un \u00e9crin verdoyant a tout d\u2019un d\u00e9cor de r\u00eave, entre luxe et confort. Il faut dire que le cadre est idyllique. <a href=\"https:\/\/www.admagazine.fr\/galerie\/bali-trois-maisons-nature-luxuriante\" target=\"_blank\" rel=\"noopener\">Bali<\/a>, tout d&rsquo;abord, avec ses plages, ses for\u00eats luxuriantes et son climat tropical, mais surtout Pererenan. La r\u00e9gion est devenue the place to be sur la carte de voyage des touristes venus se d\u00e9payser dans une \u00eele paradisiaque. On y vient pour d\u00e9couvrir la culture et une communaut\u00e9 locale aussi vivante que soud\u00e9e, pour admirer les paysages, et pour appr\u00e9cier le calme. La villa, judicieusement plac\u00e9e en ce sens, s\u2019\u00e9tend sur une propri\u00e9t\u00e9 de 725 m\u00e8tres carr\u00e9s coup\u00e9s du monde par palissade de bois et mur de b\u00e9ton sur lesquels rampe du lierre aux larges feuilles. Le <a href=\"https:\/\/www.admagazine.fr\/article\/jardins-exotiques-france-cevennes\" target=\"_blank\" rel=\"noopener\">jardin<\/a> qui surplombe les alentours du haut du toit du b\u00e2timent principal est quant \u00e0 lui couvert d\u2019herbe qui, selon Bali Home Immo, constituerait \u00ab une caract\u00e9ristique qui am\u00e9liore non seulement son attrait esth\u00e9tique, mais sert \u00e9galement de syst\u00e8me de refroidissement durable \u00bb. Les toitures v\u00e9g\u00e9talis\u00e9es comme ce jardin, et le toit c\u00f4t\u00e9 nuit de la villa, r\u00e9fl\u00e9chissent la lumi\u00e8re du soleil pour rafra\u00eechir efficacement les espaces au-dessous et maintenir une temp\u00e9rature plus basse dans la maison.<\/p>\n","protected":false},"excerpt":{"rendered":"Nich\u00e9e entre une for\u00eat luxuriante et les champs de riz pittoresques de Tumbak Bayuh, la villa rappelle l\u2019imposante&hellip;\n","protected":false},"author":2,"featured_media":254285,"comment_status":"","ping_status":"","sticky":false,"template":"","format":"standard","meta":{"footnotes":""},"categories":[1358],"tags":[1348,1384,1385,16786,1386,58,59,1011,27,1965],"class_list":{"0":"post-254284","1":"post","2":"type-post","3":"status-publish","4":"format-standard","5":"has-post-thumbnail","7":"category-arts-et-design","8":"tag-arts","9":"tag-arts-and-design","10":"tag-arts-et-design","11":"tag-brutalisme","12":"tag-design","13":"tag-divertissement","14":"tag-entertainment","15":"tag-fr","16":"tag-france","17":"tag-maisons-a-vendre"},"share_on_mastodon":{"url":"https:\/\/pubeurope.com\/@fr\/114869431351870540","error":""},"_links":{"self":[{"href":"https:\/\/www.europesays.com\/fr\/wp-json\/wp\/v2\/posts\/254284","targetHints":{"allow":["GET"]}}],"collection":[{"href":"https:\/\/www.europesays.com\/fr\/wp-json\/wp\/v2\/posts"}],"about":[{"href":"https:\/\/www.europesays.com\/fr\/wp-json\/wp\/v2\/types\/post"}],"author":[{"embeddable":true,"href":"https:\/\/www.europesays.com\/fr\/wp-json\/wp\/v2\/users\/2"}],"replies":[{"embeddable":true,"href":"https:\/\/www.europesays.com\/fr\/wp-json\/wp\/v2\/comments?post=254284"}],"version-history":[{"count":0,"href":"https:\/\/www.europesays.com\/fr\/wp-json\/wp\/v2\/posts\/254284\/revisions"}],"wp:featuredmedia":[{"embeddable":true,"href":"https:\/\/www.europesays.com\/fr\/wp-json\/wp\/v2\/media\/254285"}],"wp:attachment":[{"href":"https:\/\/www.europesays.com\/fr\/wp-json\/wp\/v2\/media?parent=254284"}],"wp:term":[{"taxonomy":"category","embeddable":true,"href":"https:\/\/www.europesays.com\/fr\/wp-json\/wp\/v2\/categories?post=254284"},{"taxonomy":"post_tag","embeddable":true,"href":"https:\/\/www.europesays.com\/fr\/wp-json\/wp\/v2\/tags?post=254284"}],"curies":[{"name":"wp","href":"https:\/\/api.w.org\/{rel}","templated":true}]}}