{"id":254294,"date":"2025-07-17T16:10:07","date_gmt":"2025-07-17T16:10:07","guid":{"rendered":"https:\/\/www.europesays.com\/fr\/254294\/"},"modified":"2025-07-17T16:10:07","modified_gmt":"2025-07-17T16:10:07","slug":"je-nachete-plus-rien-despagne-ces-fruits-et-legumes-sont-les-pires-en-residus-de-pesticides-dapres-les-dernieres-analyses-le-journal-economique","status":"publish","type":"post","link":"https:\/\/www.europesays.com\/fr\/254294\/","title":{"rendered":"\u00ab Je n\u2019ach\u00e8te plus rien d\u2019Espagne \u00bb : ces fruits et l\u00e9gumes sont les pires en r\u00e9sidus de pesticides d\u2019apr\u00e8s les derni\u00e8res analyses &#8211; Le Journal \u00c9conomique"},"content":{"rendered":"<ol>\n<li><a href=\"https:\/\/news.google.com\/rss\/articles\/CBMi_gFBVV95cUxPaHVDUDdET1VDMzdjdE82UHdNaEowMzdiTDhxZlhsNmtGcXloSFY3RVhlaWFDQ2stNkItc2UtRnJLaUVVS2swSmwwWlotb1o1THJpSmxZODBmNkNja2Z6U200OWdvb0RNdjNoaS1CNmRrUmkxNjZ0dTJzZWR1Q2JfSFh1M1hzQk9Vbmthck1ZT3RFYWU5a3BfNkhMTkl2T3JnSkpkYk8yalBjTjdxbW1Fd3RQVDdwdTRBQU1CcV9uc1ZNa1dIeFNFU0JKUFN6ci10YmpLZEpUOFFGczg4aTdaRVpWTFdKbklTOXlaelNQb0Itd3dqdFdtNTBEUW9wUQ?oc=5\" target=\"_blank\" rel=\"nofollow noopener\">\u00ab Je n\u2019ach\u00e8te plus rien d\u2019Espagne \u00bb : ces fruits et l\u00e9gumes sont les pires en r\u00e9sidus de pesticides d\u2019apr\u00e8s les derni\u00e8res analyses<\/a>&nbsp;&nbsp;Le Journal \u00c9conomique<\/li>\n<li><a href=\"https:\/\/news.google.com\/rss\/articles\/CBMiuAFBVV95cUxPUV9HcVA4S29VU3BqR3h0Qk85cFJIeFlhdDRyN2VLSWIyWDFxWWFwNU42WnB5THM0S2ZvbTBXWC1hNjVuTFg1SWNwbWFOUzd1cWhVdDUzRXRwR3JGcjdNYVd6alkyRi1JREdTWld4WG1rMlo5R252TG1aQ20xVVRUWWwtMkVQVGlhZUJRV0tfQ0ZSWDlzc0FQUnFYUF85VlQ0akdONGR0ZzVzek9jMXFwbnp3a1I0Qkkx?oc=5\" target=\"_blank\" rel=\"nofollow noopener\">Fruits d&rsquo;\u00e9t\u00e9, vin ros\u00e9\u2026 et PFAS : que cache votre assiette de vacances ?<\/a>&nbsp;&nbsp;futura-sciences.com<\/li>\n<li><a href=\"https:\/\/news.google.com\/rss\/articles\/CBMi0gFBVV95cUxPRXozUkV4OWhVY3QtR09rUWNJdHVRbzgyUXlZWlFYWEVjczlDbGpTb2taNUlhTWxjMTJFV2REZ09waWVvWnNRb0lPUmdueFlfdW4tU1RDeURzZ0FtSTMtbVBpcnNOOV9sTnlSR2JIby1hSjBoVTRWQm5rN1lIVndWNXBlbW4xV0xOTjFuem14b0tKQkNIdkE3VlQxS1dmOUYzLW5JdnZ1WGNmZlpiWnFtQmJ4ODM4akhMdE1BWlZ6MnpLdy1kVDR6bTc1a1ZvM05OTVE?oc=5\" target=\"_blank\" rel=\"nofollow noopener\">D\u00e9couvrez les 4 fruits d&rsquo;\u00e9t\u00e9 qui cachent le plus de pesticides, selon une nouvelle \u00e9tude<\/a>&nbsp;&nbsp;Cosmopolitan.fr<\/li>\n<li><a href=\"https:\/\/news.google.com\/rss\/articles\/CBMi3wFBVV95cUxQQ1N5cGhTc1BLajhWdnFxYkUyRDVtYlctUTBFdXdqTS01WnkwN05XMDRFUzJraFBEellmdWxMZTcxRmlZeDFleVpzSlVpVnZYVnotSk1zRzZObVA3a0J5bmgxZllvMWl5TnB4TElrMnRWbTlwaE5uRU9QaEFHU1NqREJIQU83X0Y2MTlxa2Ywcm50V29PNFd6ZmEzcm5MWVJaWDJaOENYNkxvZThKbjlRRmZpZVVJOVVURnNxd1JITWh1MXpRZTM3WDYySWMyYjZTNlVlalg4SUJ0NUNJbEU0?oc=5\" target=\"_blank\" rel=\"nofollow noopener\">Selon une \u00e9tude, voici le fruit le plus contamin\u00e9 par les pesticides : il faut bien le nettoyer<\/a>&nbsp;&nbsp;grazia.fr<\/li>\n<li><a href=\"https:\/\/news.google.com\/rss\/articles\/CBMi6AFBVV95cUxPQ3ExZU03c29RdWNKdG9MaDBFaW1yY19BaEhDRndVSUMxM0NuaUgySjZ6VE8zWXZhcDdKTEZMTFB1a0dlaFhVaG04cW9TbDZrakNob2RYbG5UYkdWUkVyZEZQVGdGaDZ1ZXhRcjI3NTk5MlB6QXo2akFiaFRMMDRKeUhicUlvaUtMR3RLWmgyVU1ET3dnOXA2Z0dzdWswaTVaTktvVjNNYXkzelFzU1dVbVNyS3RXdWdtLVQzRlM3UWRIZXpVWE9oYWxyRXlGMUltdkdlT3N1bHBVeE4zRjY1Z0NpLW9TYU05?oc=5\" target=\"_blank\" rel=\"nofollow noopener\">La meilleure fa\u00e7on de laver les tomates pour enlever les pesticides, c&rsquo;est celle-ci et pas une autre !<\/a>&nbsp;&nbsp;Marmiton<\/li>\n<\/ol>\n","protected":false},"excerpt":{"rendered":"\u00ab Je n\u2019ach\u00e8te plus rien d\u2019Espagne \u00bb : ces fruits et l\u00e9gumes sont les pires en r\u00e9sidus de&hellip;\n","protected":false},"author":2,"featured_media":1445,"comment_status":"","ping_status":"","sticky":false,"template":"","format":"standard","meta":{"footnotes":""},"categories":[10],"tags":[1011,27,72,71],"class_list":{"0":"post-254294","1":"post","2":"type-post","3":"status-publish","4":"format-standard","5":"has-post-thumbnail","7":"category-sante","8":"tag-fr","9":"tag-france","10":"tag-health","11":"tag-sante"},"share_on_mastodon":{"url":"https:\/\/pubeurope.com\/@fr\/114869451080948518","error":""},"_links":{"self":[{"href":"https:\/\/www.europesays.com\/fr\/wp-json\/wp\/v2\/posts\/254294","targetHints":{"allow":["GET"]}}],"collection":[{"href":"https:\/\/www.europesays.com\/fr\/wp-json\/wp\/v2\/posts"}],"about":[{"href":"https:\/\/www.europesays.com\/fr\/wp-json\/wp\/v2\/types\/post"}],"author":[{"embeddable":true,"href":"https:\/\/www.europesays.com\/fr\/wp-json\/wp\/v2\/users\/2"}],"replies":[{"embeddable":true,"href":"https:\/\/www.europesays.com\/fr\/wp-json\/wp\/v2\/comments?post=254294"}],"version-history":[{"count":0,"href":"https:\/\/www.europesays.com\/fr\/wp-json\/wp\/v2\/posts\/254294\/revisions"}],"wp:featuredmedia":[{"embeddable":true,"href":"https:\/\/www.europesays.com\/fr\/wp-json\/wp\/v2\/media\/1445"}],"wp:attachment":[{"href":"https:\/\/www.europesays.com\/fr\/wp-json\/wp\/v2\/media?parent=254294"}],"wp:term":[{"taxonomy":"category","embeddable":true,"href":"https:\/\/www.europesays.com\/fr\/wp-json\/wp\/v2\/categories?post=254294"},{"taxonomy":"post_tag","embeddable":true,"href":"https:\/\/www.europesays.com\/fr\/wp-json\/wp\/v2\/tags?post=254294"}],"curies":[{"name":"wp","href":"https:\/\/api.w.org\/{rel}","templated":true}]}}