{"id":254297,"date":"2025-07-17T16:12:11","date_gmt":"2025-07-17T16:12:11","guid":{"rendered":"https:\/\/www.europesays.com\/fr\/254297\/"},"modified":"2025-07-17T16:12:11","modified_gmt":"2025-07-17T16:12:11","slug":"cercueil-noir-beatles-et-foule-de-stars-un-enterrement-tel-quil-limaginait","status":"publish","type":"post","link":"https:\/\/www.europesays.com\/fr\/254297\/","title":{"rendered":"cercueil noir, Beatles et foule de stars, un enterrement tel qu\u2019il l\u2019imaginait"},"content":{"rendered":"<p>        <img decoding=\"async\" loading=\"lazy\" src=\"https:\/\/www.europesays.com\/fr\/wp-content\/uploads\/2025\/07\/21e7194_upload-1-cq63xrfdbpab-000-67394da.jpg\"  width=\"728\" height=\"409\" alt=\"L\u00e9a Salam\u00e9 \u00e9tait pr\u00e9sente aux obs\u00e8ques de Thierry Ardisson le jeudi 17\u00a0juillet\"\/>  <\/p>\n<p>BERTRAND GUAY \/ AFP<\/p>\n<p>L\u00e9a Salam\u00e9 \u00e9tait pr\u00e9sente aux obs\u00e8ques de Thierry Ardisson le jeudi 17\u00a0juillet<\/p>\n<p class=\"asset asset-text\">M\u00c9DIAS &#8211; Jeudi noir. <a href=\"https:\/\/www.huffingtonpost.fr\/medias\/article\/mort-de-thierry-ardisson-deces-funerailles-memoire-l-animateur-avait-deja-tout-prevu-pour-son-apres_252574.html\" target=\"_blank\" rel=\"noopener\">Thierry Ardisson a \u00e9t\u00e9 inhum\u00e9<\/a> ce jeudi 17\u00a0juillet, au lendemain de la diffusion sur TF1\u00a0du <a href=\"https:\/\/www.huffingtonpost.fr\/medias\/article\/ardisson-sur-un-lit-d-hopital-le-documentaire-d-audrey-crespo-mara-sans-filtre-des-les-premieres-images_252680.html\" target=\"_blank\" rel=\"noopener\">documentaire d\u00e9di\u00e9 \u00e0 sa vie <\/a>et r\u00e9alis\u00e9 par son \u00e9pouse la journaliste Audrey Crespo-Mara. Les obs\u00e8ques de l\u2019animateur t\u00e9l\u00e9 d\u00e9c\u00e9d\u00e9 des suites d\u2019un cancer du foie ont eu lieu \u00e0\u00a0Paris en pr\u00e9sence de nombreux invit\u00e9s, avant une c\u00e9r\u00e9monie familiale priv\u00e9e.<\/p>\n<p class=\"asset asset-text\">Thierry Ardisson avait tout pr\u00e9vu ou presque pour ses fun\u00e9railles, \u00e9tant touch\u00e9 par la maladie depuis plus d\u2019une d\u00e9cennie. En effet, ce n\u2019est pas uniquement car c\u2019est la couleur du deuil et traditionnelle des enterrements que la foule rassembl\u00e9e en l\u2019\u00e9glise Saint-Roch ce jeudi 17\u00a0juillet \u00e9tait toute de noir v\u00eatue. L\u2019animateur avait souhait\u00e9 imposer aux invit\u00e9s \u00e0 la c\u00e9r\u00e9monie un dress code\u00a0: un costume noir, \u00ab\u00a0avec ou sans lunettes noires\u00a0\u00bb. Une pi\u00e8ce dont il ne se s\u00e9parait lui-m\u00eame jamais, \u00e9tant surnomm\u00e9 \u00ab\u00a0l\u2019homme en noir\u00a0\u00bb.<\/p>\n<p class=\"asset asset-text\">L\u2019animateur, qui a commenc\u00e9 sa <a href=\"https:\/\/www.huffingtonpost.fr\/divertissement\/video\/mort-de-thierry-ardisson-ces-slogans-publicitaires-connus-de-tous-on-les-devait-a-l-animateur-tele_252570.html\" target=\"_blank\" rel=\"noopener\">carri\u00e8re dans la publicit\u00e9<\/a>, avait d\u2019ailleurs imagin\u00e9 lui-m\u00eame le faire-part de cette c\u00e9r\u00e9monie, affichant ce dress-code. Aux c\u00f4t\u00e9s d\u2019une silhouette blanche de son visage qui se d\u00e9tache sur fond noir, on peut lire \u00ab\u00a0Chers amis, chers ennemis, dernier bonsoir\u00a0!\u00a0\u00bb, ainsi que les informations pratiques li\u00e9es \u00e0 la c\u00e9r\u00e9monie.<\/p>\n<p class=\"asset asset-text\">Ce dress code, toutes celles et ceux qui sont venus assister \u00e0 la c\u00e9r\u00e9monie des obs\u00e8ques de Thierry Ardisson l\u2019ont respect\u00e9. \u00c0 commencer par <a href=\"https:\/\/www.huffingtonpost.fr\/medias\/article\/apres-la-mort-de-thierry-ardisson-audrey-crespo-mara-va-poursuivre-cet-internaute-en-justice_252569.html\" target=\"_blank\" rel=\"noopener\">Audrey Crespo-Mara<\/a>, la 3e femme de l\u2019animateur de Tout le monde en parle, avec laquelle il a termin\u00e9 sa vie.<\/p>\n<p class=\"asset asset-text\">Parmi les invit\u00e9s figurant sur cette liste et qui sont venus \u00e0 la c\u00e9r\u00e9monie, un m\u00e9lange de plusieurs univers. Celui des stars qu\u2019il fr\u00e9quentait quotidiennement avec Philippe Corticchiato, Patrick Timsit, Marc Lavoine, Jean-Fran\u00e7ois Pi\u00e8ge, Florent Pagny, Christian Louboutin, Laurent Voulzy, ou encore Tom Villa. Celui de la t\u00e9l\u00e9vision avec Michel Drucker, L\u00e9a Salam\u00e9, Marc-Olivier Fogiel, Arthur, Robert Namias, et \u00e9videmment son acolyte de toujours Laurent Baffie. Mais aussi celui de la politique avec notamment Brigitte Macron, Raquel Garrido ou Jean-Michel Blanquer.<\/p>\n<p> La lecture de ce contenu est susceptible d\u2019entra\u00eener un d\u00e9p\u00f4t de cookies de la part de l\u2019op\u00e9rateur tiers qui l\u2019h\u00e9berge. Compte-tenu des choix que vous avez exprim\u00e9s en mati\u00e8re de d\u00e9p\u00f4t de cookies, nous avons bloqu\u00e9 l\u2019affichage de ce contenu. Si vous souhaitez y acc\u00e9der, vous devez accepter la cat\u00e9gorie de cookies \u201cContenus tiers\u201d en cliquant sur le bouton ci-dessous. <\/p>\n<p> Lire la Vid\u00e9o        Noir c\u2019est noir    <\/p>\n<p class=\"asset asset-text\">Au\u00a0<a href=\"https:\/\/www.lepoint.fr\/culture\/thierry-ardisson-pour-mon-enterrement-j-ai-deja-toute-la-playlist-en-tete-09-06-2025-2591556_3.php#11\" target=\"_blank\" rel=\"noopener\" title=\"Nouvelle fen\u00eatre\">Point<\/a>\u00a0le 28\u00a0mai dernier, il avait donn\u00e9 des d\u00e9tails sur ce qu\u2019il attendait de cette c\u00e9r\u00e9monie \u00ab\u00a0je veux l\u2019encens, les enfants de ch\u0153ur\u2026 La totale\u00a0! J\u2019ai d\u00e9j\u00e0 toute la playlist en t\u00eate. Je veux qu\u2019on\u00a0\u00e9coute\u00a0\u2019Lazarus\u2019\u00a0de David Bowie et\u00a0\u2019In My Life\u2019\u00a0des Beatles repris par Sean Connery.\u00a0\u00bb<\/p>\n<p class=\"asset asset-text\">\u00c0 16h30, le corbillard avec le cercueil de l\u2019animateur est arriv\u00e9 devant l\u2019\u00e9glise Saint-Roch, noir lui aussi. Puis, la c\u00e9r\u00e9monie a d\u00e9but\u00e9 derri\u00e8re les portes closes de l\u2019\u00e9difice religieux. Le livret a \u00e9t\u00e9 d\u00e9voil\u00e9 par nos confr\u00e8res de BFMTV en direct. Ce dernier, \u00e9videmment noir, affiche un programme similaire \u00e0 celui qu\u2019avait imagin\u00e9 Thierry Ardisson. Entre les magn\u00e9tos des moments forts de sa carri\u00e8re et les diaporamas photos de famille, Audrey Crespo-Mara a pris la parole. On peut aussi y avoir un aper\u00e7u de la s\u00e9lection musicale\u00a0:\u00a0Voil\u00e0 c\u2019est fini de Jean-Louis Aubert, Il mondo de Jimmy Fontana et In My Life des Beatles par Sean Connery.<\/p>\n<p> La lecture de ce contenu est susceptible d\u2019entra\u00eener un d\u00e9p\u00f4t de cookies de la part de l\u2019op\u00e9rateur tiers qui l\u2019h\u00e9berge. Compte-tenu des choix que vous avez exprim\u00e9s en mati\u00e8re de d\u00e9p\u00f4t de cookies, nous avons bloqu\u00e9 l\u2019affichage de ce contenu. Si vous souhaitez y acc\u00e9der, vous devez accepter la cat\u00e9gorie de cookies \u201cContenus tiers\u201d en cliquant sur le bouton ci-dessous. <\/p>\n<p> Lire la Vid\u00e9o        <\/p>\n<p class=\"asset asset-text\">L\u2019animateur est d\u00e9c\u00e9d\u00e9 le lundi 14\u00a0juillet \u00e0 l\u2019h\u00f4pital entour\u00e9 de sa femme Audrey Crespo-Mara et de leurs enfants. Apr\u00e8s une soir\u00e9e d\u2019hommages le mardi 15\u00a0juillet sur France 2\u00a0au cours de laquelle des proches du pr\u00e9sentateur parmi lesquels Laurent Baffie et L\u00e9a Salam\u00e9 avaient \u00e9t\u00e9 invit\u00e9s \u00e0 s\u2019exprimer, TF1\u00a0a diffus\u00e9 le documentaire La face cach\u00e9e de l\u2019homme en noir. R\u00e9alis\u00e9 par son \u00e9pouse, il retrace en 1\u00a0h\u00a040 le parcours de la star controvers\u00e9e et impertinente du petit \u00e9cran, d\u00e9c\u00e9d\u00e9e lundi d\u2019un cancer \u00e0 76\u00a0ans. M\u00ealant interviews de proches, de Thierry Ardisson lui-m\u00eame et archives, il illustre aussi son combat contre la maladie jusqu\u2019aux derniers mois.<\/p>\n","protected":false},"excerpt":{"rendered":"BERTRAND GUAY \/ AFP L\u00e9a Salam\u00e9 \u00e9tait pr\u00e9sente aux obs\u00e8ques de Thierry Ardisson le jeudi 17\u00a0juillet M\u00c9DIAS &#8211;&hellip;\n","protected":false},"author":2,"featured_media":254298,"comment_status":"","ping_status":"","sticky":false,"template":"","format":"standard","meta":{"footnotes":""},"categories":[8],"tags":[251,58,59,1011,27,15086,252,10058],"class_list":{"0":"post-254297","1":"post","2":"type-post","3":"status-publish","4":"format-standard","5":"has-post-thumbnail","7":"category-divertissement","8":"tag-culture","9":"tag-divertissement","10":"tag-entertainment","11":"tag-fr","12":"tag-france","13":"tag-obseques","14":"tag-television","15":"tag-thierry-ardisson"},"share_on_mastodon":{"url":"https:\/\/pubeurope.com\/@fr\/114869459070884727","error":""},"_links":{"self":[{"href":"https:\/\/www.europesays.com\/fr\/wp-json\/wp\/v2\/posts\/254297","targetHints":{"allow":["GET"]}}],"collection":[{"href":"https:\/\/www.europesays.com\/fr\/wp-json\/wp\/v2\/posts"}],"about":[{"href":"https:\/\/www.europesays.com\/fr\/wp-json\/wp\/v2\/types\/post"}],"author":[{"embeddable":true,"href":"https:\/\/www.europesays.com\/fr\/wp-json\/wp\/v2\/users\/2"}],"replies":[{"embeddable":true,"href":"https:\/\/www.europesays.com\/fr\/wp-json\/wp\/v2\/comments?post=254297"}],"version-history":[{"count":0,"href":"https:\/\/www.europesays.com\/fr\/wp-json\/wp\/v2\/posts\/254297\/revisions"}],"wp:featuredmedia":[{"embeddable":true,"href":"https:\/\/www.europesays.com\/fr\/wp-json\/wp\/v2\/media\/254298"}],"wp:attachment":[{"href":"https:\/\/www.europesays.com\/fr\/wp-json\/wp\/v2\/media?parent=254297"}],"wp:term":[{"taxonomy":"category","embeddable":true,"href":"https:\/\/www.europesays.com\/fr\/wp-json\/wp\/v2\/categories?post=254297"},{"taxonomy":"post_tag","embeddable":true,"href":"https:\/\/www.europesays.com\/fr\/wp-json\/wp\/v2\/tags?post=254297"}],"curies":[{"name":"wp","href":"https:\/\/api.w.org\/{rel}","templated":true}]}}