{"id":254303,"date":"2025-07-17T16:15:11","date_gmt":"2025-07-17T16:15:11","guid":{"rendered":"https:\/\/www.europesays.com\/fr\/254303\/"},"modified":"2025-07-17T16:15:11","modified_gmt":"2025-07-17T16:15:11","slug":"une-nouvelle-date-dexecution-pour-robert-roberson-un-autiste-condamne-dans-une-affaire-de-bebe-secoue","status":"publish","type":"post","link":"https:\/\/www.europesays.com\/fr\/254303\/","title":{"rendered":"Une nouvelle date d\u2019ex\u00e9cution pour Robert Roberson, un autiste condamn\u00e9 dans une affaire de b\u00e9b\u00e9 secou\u00e9"},"content":{"rendered":"<p>Malgr\u00e9 de s\u00e9rieux doutes sur le diagnostic, Robert Roberson, un <a href=\"https:\/\/www.20minutes.fr\/monde\/etats-unis\/\" class=\"color-ultramarine c-link\" target=\"_blank\" rel=\"noopener\">Am\u00e9ricain <\/a>atteint d\u2019autisme, condamn\u00e9 pour la mort de sa fille attribu\u00e9e au syndrome du \u00ab\u00a0b\u00e9b\u00e9 secou\u00e9\u00a0\u00bb, s\u2019est vu fixer une nouvelle date d\u2019ex\u00e9cution. Il y a presque<a href=\"https:\/\/www.20minutes.fr\/monde\/etats-unis\/4116347-20241018-etats-unis-justice-texane-suspend-in-extremis-execution-condamne-mort-autiste\" class=\"color-ultramarine c-link\" target=\"_blank\" rel=\"noopener\"> un an, il y avait \u00e9chapp\u00e9 in extremis<\/a>.<\/p>\n<p>L\u2019homme \u00e2g\u00e9 de 58 ans avait obtenu un sursis \u00e0 son ex\u00e9cution par injection l\u00e9tale le 17\u00a0octobre 2024, \u00e0 la suite d\u2019une demande d\u2019une commission du Parlement du Texas qui l\u2019avait <a href=\"https:\/\/www.20minutes.fr\/monde\/etats-unis\/4116736-20241021-texas-sauve-in-extremis-execution-condamne-mort-doit-temoigner-devant-parlement\" class=\"color-ultramarine c-link\" target=\"_blank\" rel=\"noopener\">convoqu\u00e9 pour une audition<\/a>, pr\u00e9cis\u00e9ment afin de lui sauver la vie. La Cour supr\u00eame du <a href=\"https:\/\/www.20minutes.fr\/monde\/texas\/\" class=\"color-ultramarine c-link\" target=\"_blank\" rel=\"noopener\">Texas <\/a>lui avait accord\u00e9 ce r\u00e9pit de derni\u00e8re minute mais a ensuite consid\u00e9r\u00e9 en novembre qu\u2019une commission parlementaire ne pouvait ainsi faire obstacle \u00e0 une d\u00e9cision de justice et qu\u2019une nouvelle date d\u2019ex\u00e9cution pourrait donc \u00eatre fix\u00e9e.<\/p>\n<p>\u00ab\u00a0Robert ne l\u2019a pas tu\u00e9e. Il n\u2019y a pas eu de crime\u00a0\u00bb<\/p>\n<p>Un juge a fix\u00e9 mercredi cette date au 16\u00a0octobre, au grand dam des d\u00e9fenseurs de Robert Roberson, qui ont saisi en f\u00e9vrier une juridiction d\u2019appel p\u00e9nale du Texas pour obtenir le r\u00e9examen de son dossier.<\/p>\n<p>\u00ab\u00a0Les Texans devraient \u00eatre indign\u00e9s que le tribunal ait fix\u00e9 une date d\u2019ex\u00e9cution pour un homme dont l\u2019innocence peut \u00eatre d\u00e9montr\u00e9e\u00a0\u00bb, a r\u00e9agi dans un communiqu\u00e9 son avocate Gretchen Sween.<\/p>\n<p>\u00ab\u00a0Quiconque s\u2019est donn\u00e9 la peine d\u2019examiner les preuves de l\u2019innocence de Robert Roberson est parvenu \u00e0 la m\u00eame conclusion\u00a0: la mort de Nikki \u00e9tait une terrible trag\u00e9die. Robert ne l\u2019a pas tu\u00e9e. Il n\u2019y a pas eu de crime\u00a0\u00bb, a-t-elle r\u00e9affirm\u00e9, pr\u00e9cisant qu\u2019elle demanderait un nouveau sursis.<\/p>\n<p>Une mort finalement due \u00e0 une pneumonie\u00a0?<\/p>\n<p>Les d\u00e9fenseurs de Robert Roberson, dont l\u2019ancien policier Brian Wharton, charg\u00e9 du dossier \u00e0 l\u2019\u00e9poque, et l\u2019auteur de polars \u00e0 succ\u00e8s John Grisham, font valoir que le diagnostic du <a href=\"https:\/\/www.20minutes.fr\/sante\/3265311-20220405-syndrome-bebe-secoue-proteger-enfant-punir-innocents-diagnostic-toujours-debat\" class=\"color-ultramarine c-link\" target=\"_blank\" rel=\"noopener\">syndrome du b\u00e9b\u00e9 secou\u00e9<\/a>, \u00e9tabli en\u00a02002 \u00e0 l\u2019h\u00f4pital o\u00f9 il avait amen\u00e9 sa fille Nikki aux urgences dans un \u00e9tat critique, \u00e9tait erron\u00e9.<\/p>\n<p>De plus, son autisme, finalement diagnostiqu\u00e9 officiellement en\u00a02018 et interpr\u00e9t\u00e9 comme une indiff\u00e9rence \u00e0 la situation, a pes\u00e9 lourd <a href=\"https:\/\/www.20minutes.fr\/monde\/peine-de-mort\/\" class=\"color-ultramarine c-link\" target=\"_blank\" rel=\"noopener\">dans sa condamnation<\/a>, selon eux.<\/p>\n<\/p>\n<p>Ses avocates s\u2019appuient notamment sur des analyses m\u00e9dicales r\u00e9centes imputant la mort de Nikki \u00e0 une grave pneumonie, non d\u00e9tect\u00e9e \u00e0 l\u2019\u00e9poque, aggrav\u00e9e par la prescription de m\u00e9dicaments inadapt\u00e9s, comme en attestent dans une lettre 34 m\u00e9decins.<\/p>\n<p>Les \u00e9lus de la commission de la justice p\u00e9nale de la Chambre des repr\u00e9sentants du Texas, qui l\u2019avaient convoqu\u00e9, d\u00e9plorent que soit si peu appliqu\u00e9e par les tribunaux une loi pionni\u00e8re adopt\u00e9e en\u00a02013 par leur Etat pour r\u00e9viser les condamnations fond\u00e9es sur des \u00e9l\u00e9ments scientifiques se r\u00e9v\u00e9lant finalement erron\u00e9s.<\/p>\n","protected":false},"excerpt":{"rendered":"Malgr\u00e9 de s\u00e9rieux doutes sur le diagnostic, Robert Roberson, un Am\u00e9ricain atteint d\u2019autisme, condamn\u00e9 pour la mort de&hellip;\n","protected":false},"author":2,"featured_media":254304,"comment_status":"","ping_status":"","sticky":false,"template":"","format":"standard","meta":{"footnotes":""},"categories":[5],"tags":[47,11,8187,73,1011,27,14,74,12,942,3926,28],"class_list":{"0":"post-254303","1":"post","2":"type-post","3":"status-publish","4":"format-standard","5":"has-post-thumbnail","7":"category-international","8":"tag-actualite","9":"tag-actualites","10":"tag-autisme","11":"tag-etats-unis","12":"tag-fr","13":"tag-france","14":"tag-international","15":"tag-monde","16":"tag-news","17":"tag-peine-de-mort","18":"tag-texas","19":"tag-world"},"share_on_mastodon":{"url":"https:\/\/pubeurope.com\/@fr\/114869470900579709","error":""},"_links":{"self":[{"href":"https:\/\/www.europesays.com\/fr\/wp-json\/wp\/v2\/posts\/254303","targetHints":{"allow":["GET"]}}],"collection":[{"href":"https:\/\/www.europesays.com\/fr\/wp-json\/wp\/v2\/posts"}],"about":[{"href":"https:\/\/www.europesays.com\/fr\/wp-json\/wp\/v2\/types\/post"}],"author":[{"embeddable":true,"href":"https:\/\/www.europesays.com\/fr\/wp-json\/wp\/v2\/users\/2"}],"replies":[{"embeddable":true,"href":"https:\/\/www.europesays.com\/fr\/wp-json\/wp\/v2\/comments?post=254303"}],"version-history":[{"count":0,"href":"https:\/\/www.europesays.com\/fr\/wp-json\/wp\/v2\/posts\/254303\/revisions"}],"wp:featuredmedia":[{"embeddable":true,"href":"https:\/\/www.europesays.com\/fr\/wp-json\/wp\/v2\/media\/254304"}],"wp:attachment":[{"href":"https:\/\/www.europesays.com\/fr\/wp-json\/wp\/v2\/media?parent=254303"}],"wp:term":[{"taxonomy":"category","embeddable":true,"href":"https:\/\/www.europesays.com\/fr\/wp-json\/wp\/v2\/categories?post=254303"},{"taxonomy":"post_tag","embeddable":true,"href":"https:\/\/www.europesays.com\/fr\/wp-json\/wp\/v2\/tags?post=254303"}],"curies":[{"name":"wp","href":"https:\/\/api.w.org\/{rel}","templated":true}]}}