{"id":254305,"date":"2025-07-17T16:16:13","date_gmt":"2025-07-17T16:16:13","guid":{"rendered":"https:\/\/www.europesays.com\/fr\/254305\/"},"modified":"2025-07-17T16:16:13","modified_gmt":"2025-07-17T16:16:13","slug":"ivre-il-percute-la-voiture-dune-infirmiere-puis-sassied-a-cote-delle-et-sendort","status":"publish","type":"post","link":"https:\/\/www.europesays.com\/fr\/254305\/","title":{"rendered":"Ivre, il percute la voiture d\u2019une infirmi\u00e8re puis s\u2019assied \u00e0 c\u00f4t\u00e9 d\u2019elle et s\u2019endort"},"content":{"rendered":"<p>Il \u00e9tait couvert de vomi. Un automobiliste de 21 ans <a href=\"https:\/\/www.20minutes.fr\/dossier\/alcool\" class=\"color-ultramarine c-link\" target=\"_blank\" rel=\"noopener\">ivre<\/a>, qui venait de cr\u00e9er un accident en sortant de discoth\u00e8que au petit matin du <a href=\"https:\/\/www.20minutes.fr\/faits_divers\/4152459-20250508-guadeloupe-cinq-morts-accident-route\" target=\"_blank\" class=\"color-ultramarine c-link\" rel=\"noopener\">14\u00a0juillet<\/a> dans le <a href=\"https:\/\/www.20minutes.fr\/dossier\/bas_rhin\" class=\"color-ultramarine c-link\" target=\"_blank\" rel=\"noopener\">Bas-Rhin<\/a>, s\u2019est ensuite assis dans l\u2019autre v\u00e9hicule, celui de la victime. Il s\u2019est plac\u00e9 \u00e0 c\u00f4t\u00e9 d\u2019elle avant de s\u2019endormir, rapportent <a href=\"https:\/\/c.dna.fr\/faits-divers-justice\/2025\/07\/16\/ivre-il-provoque-un-accident-et-s-endort-a-cote-de-sa-victime-incarceree\" target=\"_blank\" class=\"color-ultramarine c-link\" rel=\"noopener\">Les Derni\u00e8res Nouvelles d\u2019Alsace<\/a>.<\/p>\n<p>La victime, \u00e2g\u00e9e d\u2019une quarantaine d\u2019ann\u00e9es, est une infirmi\u00e8re qui partait au travail. Elle est rest\u00e9e incarc\u00e9r\u00e9e dans son v\u00e9hicule, hurlant de douleur et de peur.<\/p>\n<p>Pas vraiment d\u2019explications et d\u2019excuses<\/p>\n<p>Le pr\u00e9venu \u00e9tait jug\u00e9 ce mercredi \u00e0 <a href=\"https:\/\/www.20minutes.fr\/faits_divers\/faits-divers-strasbourg\/\" class=\"color-ultramarine c-link\" target=\"_blank\" rel=\"noopener\">Strasbourg<\/a>, en comparution imm\u00e9diate. La victime, qui a le bassin fractur\u00e9, avait d\u2019abord pens\u00e9 \u00e0 un secouriste venu l\u2019aider jusqu\u2019\u00e0 ce qu\u2019elle comprenne, t\u00e9tanis\u00e9e, qu\u2019il s\u2019agissait du chauffard.<\/p>\n<p>Sans vraiment expliquer son comportement ni s\u2019excuser, ajoutent nos confr\u00e8res, l\u2019individu a \u00e9cop\u00e9 de douze mois d\u2019emprisonnement <a href=\"https:\/\/www.20minutes.fr\/justice\/\" class=\"color-ultramarine c-link\" target=\"_blank\" rel=\"noopener\">dont six avec sursis probatoire<\/a>, et sous <a href=\"https:\/\/www.20minutes.fr\/dossier\/bracelet_electronique\" class=\"color-ultramarine c-link\" target=\"_blank\" rel=\"noopener\">bracelet \u00e9lectronique<\/a> pour la partie ferme de sa peine. Son permis de conduire a \u00e9t\u00e9 annul\u00e9 et il devra indemniser la victime.<\/p>\n","protected":false},"excerpt":{"rendered":"Il \u00e9tait couvert de vomi. Un automobiliste de 21 ans ivre, qui venait de cr\u00e9er un accident en&hellip;\n","protected":false},"author":2,"featured_media":254306,"comment_status":"","ping_status":"","sticky":false,"template":"","format":"standard","meta":{"footnotes":""},"categories":[4],"tags":[4376,47,11,5702,2389,2649,118,32807,1011,27,775,39460,303,12,298,25,5009,104,640,809],"class_list":{"0":"post-254305","1":"post","2":"type-post","3":"status-publish","4":"format-standard","5":"has-post-thumbnail","7":"category-france","8":"tag-accident-de-la-route","9":"tag-actualite","10":"tag-actualites","11":"tag-alcool","12":"tag-alsace","13":"tag-bas-rhin","14":"tag-faits-divers","15":"tag-faits-divers-strasbourg","16":"tag-fr","17":"tag-france","18":"tag-grand-est","19":"tag-ivresse","20":"tag-justice","21":"tag-news","22":"tag-psychologie","23":"tag-republique-francaise","24":"tag-securite-routiere","25":"tag-societe","26":"tag-strasbourg","27":"tag-violence"},"share_on_mastodon":{"url":"https:\/\/pubeurope.com\/@fr\/114869474697311044","error":""},"_links":{"self":[{"href":"https:\/\/www.europesays.com\/fr\/wp-json\/wp\/v2\/posts\/254305","targetHints":{"allow":["GET"]}}],"collection":[{"href":"https:\/\/www.europesays.com\/fr\/wp-json\/wp\/v2\/posts"}],"about":[{"href":"https:\/\/www.europesays.com\/fr\/wp-json\/wp\/v2\/types\/post"}],"author":[{"embeddable":true,"href":"https:\/\/www.europesays.com\/fr\/wp-json\/wp\/v2\/users\/2"}],"replies":[{"embeddable":true,"href":"https:\/\/www.europesays.com\/fr\/wp-json\/wp\/v2\/comments?post=254305"}],"version-history":[{"count":0,"href":"https:\/\/www.europesays.com\/fr\/wp-json\/wp\/v2\/posts\/254305\/revisions"}],"wp:featuredmedia":[{"embeddable":true,"href":"https:\/\/www.europesays.com\/fr\/wp-json\/wp\/v2\/media\/254306"}],"wp:attachment":[{"href":"https:\/\/www.europesays.com\/fr\/wp-json\/wp\/v2\/media?parent=254305"}],"wp:term":[{"taxonomy":"category","embeddable":true,"href":"https:\/\/www.europesays.com\/fr\/wp-json\/wp\/v2\/categories?post=254305"},{"taxonomy":"post_tag","embeddable":true,"href":"https:\/\/www.europesays.com\/fr\/wp-json\/wp\/v2\/tags?post=254305"}],"curies":[{"name":"wp","href":"https:\/\/api.w.org\/{rel}","templated":true}]}}