{"id":254309,"date":"2025-07-17T16:18:16","date_gmt":"2025-07-17T16:18:16","guid":{"rendered":"https:\/\/www.europesays.com\/fr\/254309\/"},"modified":"2025-07-17T16:18:16","modified_gmt":"2025-07-17T16:18:16","slug":"un-trafic-demantele-dans-cette-rue-connue","status":"publish","type":"post","link":"https:\/\/www.europesays.com\/fr\/254309\/","title":{"rendered":"un trafic d\u00e9mantel\u00e9 dans cette rue connue"},"content":{"rendered":"<p>            Par<br \/>\n        <strong><br \/>\n            <a href=\"https:\/\/actu.fr\/auteur\/mathias-souteyrat\" title=\"Consulter tous les articles de Mathias Souteyrat\" rel=\"nofollow noopener\" target=\"_blank\">Mathias Souteyrat<\/a><br \/>\n        <\/strong><\/p>\n<p>        Publi\u00e9 le<\/p>\n<p>            17 juil. 2025 \u00e0 6h38        <\/p>\n<p>La <a href=\"https:\/\/actu.fr\/auvergne-rhone-alpes\/saint-etienne_42218\/saint-etienne-un-bordel-a-ciel-ouvert-cette-rue-pose-de-gros-problemes-aux-habitants_62811808.html\" rel=\"nofollow noopener\" target=\"_blank\">rue Antoine-Durafour \u00e0 Saint-Etienne<\/a> continue d\u2019\u00eatre au centre des attentions. La procureure de la R\u00e9publique, Anne Gaches, est revenue le 15\u00a0juillet sur le d\u00e9mant\u00e8lement d\u2019un point de deal sur le secteur. Quatre personnes ont \u00e9t\u00e9 interpell\u00e9es et jug\u00e9es. Voici les sanctions.<\/p>\n<p>Quatre hommes interpell\u00e9s<\/p>\n<p class=\" wall-content\">\u00c0 la suite de l\u2019identification d\u2019un point de deal situ\u00e9 rue Antoine-Durafour, \u00e0 Saint-Etienne, une enqu\u00eate pr\u00e9liminaire a \u00e9t\u00e9 ouverte le 6\u00a0f\u00e9vrier 2025 par les services de police de la commune, sous la direction du parquet de Saint-Etienne.<\/p>\n<p class=\" wall-content\">Les surveillances mises en place ont permis d\u2019identifier plusieurs individus. De plus, un appartement servait de lieu de stockage.<\/p>\n<blockquote class=\"ac-article-quote wall-content\">\n<p>Le 13 mai 2025, quatre hommes ont \u00e9t\u00e9 interpell\u00e9s et plac\u00e9s en garde \u00e0 vue pour des faits de transport, d\u00e9tention, acquisition, offre ou cession de produits stup\u00e9fiants. De plus, ils \u00e9taient en \u00e9tat de r\u00e9cidive l\u00e9gale couvrant la p\u00e9riode de septembre 2024 \u00e0 mai 2025.<\/p>\n<p>    <strong>Anne Gaches<\/strong><br \/>\n        La procureure de la R\u00e9publique de Saint-Etienne    <\/p><\/blockquote>\n<p class=\" wall-content\">Lors de la perquisition, <strong>environ 600\u00a0g de cannabis, du mat\u00e9riel de conditionnement, et de l\u2019argent<\/strong> ont \u00e9t\u00e9 d\u00e9couverts.<\/p>\n<p>Deux interdictions du territoire fran\u00e7ais<\/p>\n<p class=\" wall-content\">\u00c0 l\u2019issue de leur garde \u00e0 vue, les pr\u00e9venus ont sollicit\u00e9 un d\u00e9lai afin de pr\u00e9parer leurs d\u00e9fenses. Ils ont \u00e9t\u00e9 plac\u00e9s en d\u00e9tention provisoire dans l\u2019attente de leur jugement.<\/p>\n<p class=\" wall-content\">Le 9\u00a0juillet 2025, lors de l\u2019audience de comparution imm\u00e9diate, les quatre individus ont \u00e9t\u00e9 condamn\u00e9s \u00e0 des peines comprises entre six et quinze mois d\u2019emprisonnement, dont certains avec sursis.<\/p>\n<p class=\" wall-content\">Deux interdictions du territoire fran\u00e7ais durant cinq ann\u00e9es ont \u00e9t\u00e9 prononc\u00e9es, ainsi qu\u2019une interdiction d\u00e9finitive.<\/p>\n<p class=\" wall-content\">Suivez toute l\u2019actualit\u00e9 de vos villes et m\u00e9dias favoris en vous inscrivant \u00e0 <a href=\"https:\/\/moncompte.actu.fr\" title=\"D\u00e9couvez Mon Actu\" rel=\"nofollow noopener\" data-trk=\"{&quot;cta&quot;:{&quot;action&quot;:&quot;https:\\\/\\\/moncompte.actu.fr&quot;,&quot;category&quot;:&quot;mon compte&quot;,&quot;from&quot;:&quot;article footer&quot;,&quot;name&quot;:&quot;Mon actu&quot;,&quot;type&quot;:&quot;cta&quot;}}\" target=\"_blank\">Mon Actu<\/a>.<\/p>\n","protected":false},"excerpt":{"rendered":"Par Mathias Souteyrat Publi\u00e9 le 17 juil. 2025 \u00e0 6h38 La rue Antoine-Durafour \u00e0 Saint-Etienne continue d\u2019\u00eatre au&hellip;\n","protected":false},"author":2,"featured_media":254310,"comment_status":"","ping_status":"","sticky":false,"template":"","format":"standard","meta":{"footnotes":""},"categories":[9653],"tags":[1111,11,2430,1052,1777,674,118,1011,27,303,12,1072,25,4001],"class_list":{"0":"post-254309","1":"post","2":"type-post","3":"status-publish","4":"format-standard","5":"has-post-thumbnail","7":"category-saint-etienne","8":"tag-actu","9":"tag-actualites","10":"tag-auvergne-rhone-alpes","11":"tag-drogue","12":"tag-eu","13":"tag-europe","14":"tag-faits-divers","15":"tag-fr","16":"tag-france","17":"tag-justice","18":"tag-news","19":"tag-police","20":"tag-republique-francaise","21":"tag-saint-etienne"},"share_on_mastodon":{"url":"https:\/\/pubeurope.com\/@fr\/114869482534061470","error":""},"_links":{"self":[{"href":"https:\/\/www.europesays.com\/fr\/wp-json\/wp\/v2\/posts\/254309","targetHints":{"allow":["GET"]}}],"collection":[{"href":"https:\/\/www.europesays.com\/fr\/wp-json\/wp\/v2\/posts"}],"about":[{"href":"https:\/\/www.europesays.com\/fr\/wp-json\/wp\/v2\/types\/post"}],"author":[{"embeddable":true,"href":"https:\/\/www.europesays.com\/fr\/wp-json\/wp\/v2\/users\/2"}],"replies":[{"embeddable":true,"href":"https:\/\/www.europesays.com\/fr\/wp-json\/wp\/v2\/comments?post=254309"}],"version-history":[{"count":0,"href":"https:\/\/www.europesays.com\/fr\/wp-json\/wp\/v2\/posts\/254309\/revisions"}],"wp:featuredmedia":[{"embeddable":true,"href":"https:\/\/www.europesays.com\/fr\/wp-json\/wp\/v2\/media\/254310"}],"wp:attachment":[{"href":"https:\/\/www.europesays.com\/fr\/wp-json\/wp\/v2\/media?parent=254309"}],"wp:term":[{"taxonomy":"category","embeddable":true,"href":"https:\/\/www.europesays.com\/fr\/wp-json\/wp\/v2\/categories?post=254309"},{"taxonomy":"post_tag","embeddable":true,"href":"https:\/\/www.europesays.com\/fr\/wp-json\/wp\/v2\/tags?post=254309"}],"curies":[{"name":"wp","href":"https:\/\/api.w.org\/{rel}","templated":true}]}}