{"id":254311,"date":"2025-07-17T16:19:14","date_gmt":"2025-07-17T16:19:14","guid":{"rendered":"https:\/\/www.europesays.com\/fr\/254311\/"},"modified":"2025-07-17T16:19:14","modified_gmt":"2025-07-17T16:19:14","slug":"a-saint-etienne-garance-fradin-sera-a-la-recherche-du-temps-perdu","status":"publish","type":"post","link":"https:\/\/www.europesays.com\/fr\/254311\/","title":{"rendered":"\u00e0 Saint-\u00c9tienne, Garance Fradin sera \u00e0 la recherche du temps perdu"},"content":{"rendered":"<p>Longtemps, Garance Fradin n\u2019a pas vraiment su trancher entre le 800\u00a0m et le saut en hauteur, ses deux disciplines de r\u00e9f\u00e9rence. Mais le destin, lui, a d\u00e9cid\u00e9 de s\u2019en m\u00ealer en mai dernier, sous la forme <a target=\"_blank\" href=\"https:\/\/www.lanouvellerepublique.fr\/deux-sevres\/commune\/faye-l-abbesse\/sept-sportifs-d-un-club-de-bressuire-blesses-dans-une-terrible-collision-sur-l-a87-dans-le-maine-et-loire-1746900466\" rel=\"nofollow noopener\">d\u2019un accident de la route assez s\u00e9v\u00e8re en rentrant d\u2019une comp\u00e9tition \u00e0\u00a0Saint-Barth\u00e9l\u00e9my-d\u2019Anjou<\/a>&#8230;. <\/p>\n<p>    Cet article a \u00e9t\u00e9 tronqu\u00e9. Abonnez-vous pour lire l&rsquo;article complet sur notre site.<\/p>\n<p style=\"margin: 0 !important; padding: 0 !important; font-size: 12px !important;\">Cet article a \u00e9t\u00e9 tronqu\u00e9. Abonnez-vous pour lire l&rsquo;article complet.<\/p>\n<p>    <a href=\"https:\/\/www.lanouvellerepublique.fr\/abonnements\" style=\"display: inline-block; margin-top: 5px !important; padding: 6px 12px !important; background: #cb1c27; color: white; text-decoration: none; border-radius: 4px; font-size: 12px !important;\" rel=\"nofollow noopener\" target=\"_blank\"><br \/>\n      S&rsquo;abonner<br \/>\n    <\/a><\/p>\n","protected":false},"excerpt":{"rendered":"Longtemps, Garance Fradin n\u2019a pas vraiment su trancher entre le 800\u00a0m et le saut en hauteur, ses deux&hellip;\n","protected":false},"author":2,"featured_media":254312,"comment_status":"","ping_status":"","sticky":false,"template":"","format":"standard","meta":{"footnotes":""},"categories":[9653],"tags":[1392,1111,11,4132,2430,6753,2545,1777,674,1011,27,12,25,4001,60],"class_list":{"0":"post-254311","1":"post","2":"type-post","3":"status-publish","4":"format-standard","5":"has-post-thumbnail","7":"category-saint-etienne","8":"tag-a-la-une-local","9":"tag-actu","10":"tag-actualites","11":"tag-athletisme","12":"tag-auvergne-rhone-alpes","13":"tag-bressuire","14":"tag-deux-sevres","15":"tag-eu","16":"tag-europe","17":"tag-fr","18":"tag-france","19":"tag-news","20":"tag-republique-francaise","21":"tag-saint-etienne","22":"tag-sports"},"share_on_mastodon":{"url":"https:\/\/pubeurope.com\/@fr\/114869486438082785","error":""},"_links":{"self":[{"href":"https:\/\/www.europesays.com\/fr\/wp-json\/wp\/v2\/posts\/254311","targetHints":{"allow":["GET"]}}],"collection":[{"href":"https:\/\/www.europesays.com\/fr\/wp-json\/wp\/v2\/posts"}],"about":[{"href":"https:\/\/www.europesays.com\/fr\/wp-json\/wp\/v2\/types\/post"}],"author":[{"embeddable":true,"href":"https:\/\/www.europesays.com\/fr\/wp-json\/wp\/v2\/users\/2"}],"replies":[{"embeddable":true,"href":"https:\/\/www.europesays.com\/fr\/wp-json\/wp\/v2\/comments?post=254311"}],"version-history":[{"count":0,"href":"https:\/\/www.europesays.com\/fr\/wp-json\/wp\/v2\/posts\/254311\/revisions"}],"wp:featuredmedia":[{"embeddable":true,"href":"https:\/\/www.europesays.com\/fr\/wp-json\/wp\/v2\/media\/254312"}],"wp:attachment":[{"href":"https:\/\/www.europesays.com\/fr\/wp-json\/wp\/v2\/media?parent=254311"}],"wp:term":[{"taxonomy":"category","embeddable":true,"href":"https:\/\/www.europesays.com\/fr\/wp-json\/wp\/v2\/categories?post=254311"},{"taxonomy":"post_tag","embeddable":true,"href":"https:\/\/www.europesays.com\/fr\/wp-json\/wp\/v2\/tags?post=254311"}],"curies":[{"name":"wp","href":"https:\/\/api.w.org\/{rel}","templated":true}]}}