{"id":254315,"date":"2025-07-17T16:21:31","date_gmt":"2025-07-17T16:21:31","guid":{"rendered":"https:\/\/www.europesays.com\/fr\/254315\/"},"modified":"2025-07-17T16:21:31","modified_gmt":"2025-07-17T16:21:31","slug":"en-direct-seduisante-et-efficace-las-nancy-lorraine-surclasse-villefranche-pour-son-premier-match-de-preparation","status":"publish","type":"post","link":"https:\/\/www.europesays.com\/fr\/254315\/","title":{"rendered":"En direct. S\u00e9duisante et efficace, l&rsquo;AS Nancy Lorraine surclasse Villefranche pour son premier match de pr\u00e9paration"},"content":{"rendered":"<p>Deux semaines apr\u00e8s la reprise de l&rsquo;entra\u00eenement, l&rsquo;ASNL disputait ce mercredi soir \u00e0 Langres son tout premier match de pr\u00e9paration, face \u00e0 Villefranche-Beaujolais (National). Une rencontre entam\u00e9e tambour battant, o\u00f9\u00a0Nancy a ouvert le score d\u00e8s la 3e minute. La seule &#8211; petite &#8211; ombre au tableau restera ce penalty conc\u00e9d\u00e9 en toute fin de match. Revivez le film de la soir\u00e9e.\u00a0<\/p>\n<p>&#13;<br \/>\n              L&rsquo;Est R\u00e9publicain  &#8211; &#13;<br \/>\n        &#13;<br \/>\n          Hier \u00e0 14:35&#13;<br \/>\n    &#13;<br \/>\n                  | mis \u00e0 jour hier \u00e0 22:00&#13;<br \/>\n              &#8211; Temps de lecture : &#13;<br \/>\n  &#13;\n<\/p>\n<p>                        &#13;<br \/>\n    &#13;<br \/>\n    &#13;<br \/>\n    <a href=\"https:\/\/cdn-s-www.estrepublicain.fr\/images\/D72F8F20-9A8E-4AB3-AEC6-4EDA75FE5A9F\/NW_raw\/nouveau-visuel-asnl-live-direct-video-photo-maxence-alibert-1752670834.jpg\" title=\"Nouveau visuel ASNL live direct vid\u00e9o Photo Maxence Alibert\" class=\"chocolat-image GA-tracking\" data-ga_type=\"click\" data-ga_category=\"D\u00e9tail\" data-ga_action=\"zoomer\" data-ga_label=\"aggrandir image\" target=\"_blank\" rel=\"noopener\">&#13;<br \/>\n        <img src=\"https:\/\/www.europesays.com\/fr\/wp-content\/uploads\/2025\/07\/nouveau-visuel-asnl-live-direct-video-photo-maxence-alibert-1752670834.jpg\"   alt=\"Nouveau visuel ASNL live direct vid\u00e9o Photo Maxence Alibert\" fetchpriority=\"high\" decoding=\"async\" data-mobile=\"NW_detail_M|1752670834\" data-base=\"NW_detail|1752670834\"\/>&#13;<br \/>\n    <\/a>&#13;<br \/>\n    Nouveau visuel ASNL live direct vid\u00e9o Photo Maxence Alibert<\/p>\n","protected":false},"excerpt":{"rendered":"Deux semaines apr\u00e8s la reprise de l&rsquo;entra\u00eenement, l&rsquo;ASNL disputait ce mercredi soir \u00e0 Langres son tout premier match&hellip;\n","protected":false},"author":2,"featured_media":254316,"comment_status":"","ping_status":"","sticky":false,"template":"","format":"standard","meta":{"footnotes":""},"categories":[9635],"tags":[1111,11,3703,1707,1704,1706,1705,1777,674,107,1701,63,1011,27,775,1702,12,25,517,1700],"class_list":{"0":"post-254315","1":"post","2":"type-post","3":"status-publish","4":"format-standard","5":"has-post-thumbnail","7":"category-nancy","8":"tag-actu","9":"tag-actualites","10":"tag-asnl","11":"tag-edition-luneville","12":"tag-edition-nancy-et-agglomeration","13":"tag-edition-pont-a-mousson","14":"tag-edition-toul","15":"tag-eu","16":"tag-europe","17":"tag-fil-info","18":"tag-fil-info-sport","19":"tag-football","20":"tag-fr","21":"tag-france","22":"tag-grand-est","23":"tag-nancy","24":"tag-news","25":"tag-republique-francaise","26":"tag-sport","27":"tag-sport-lorrain"},"share_on_mastodon":{"url":"https:\/\/pubeurope.com\/@fr\/114869494350397523","error":""},"_links":{"self":[{"href":"https:\/\/www.europesays.com\/fr\/wp-json\/wp\/v2\/posts\/254315","targetHints":{"allow":["GET"]}}],"collection":[{"href":"https:\/\/www.europesays.com\/fr\/wp-json\/wp\/v2\/posts"}],"about":[{"href":"https:\/\/www.europesays.com\/fr\/wp-json\/wp\/v2\/types\/post"}],"author":[{"embeddable":true,"href":"https:\/\/www.europesays.com\/fr\/wp-json\/wp\/v2\/users\/2"}],"replies":[{"embeddable":true,"href":"https:\/\/www.europesays.com\/fr\/wp-json\/wp\/v2\/comments?post=254315"}],"version-history":[{"count":0,"href":"https:\/\/www.europesays.com\/fr\/wp-json\/wp\/v2\/posts\/254315\/revisions"}],"wp:featuredmedia":[{"embeddable":true,"href":"https:\/\/www.europesays.com\/fr\/wp-json\/wp\/v2\/media\/254316"}],"wp:attachment":[{"href":"https:\/\/www.europesays.com\/fr\/wp-json\/wp\/v2\/media?parent=254315"}],"wp:term":[{"taxonomy":"category","embeddable":true,"href":"https:\/\/www.europesays.com\/fr\/wp-json\/wp\/v2\/categories?post=254315"},{"taxonomy":"post_tag","embeddable":true,"href":"https:\/\/www.europesays.com\/fr\/wp-json\/wp\/v2\/tags?post=254315"}],"curies":[{"name":"wp","href":"https:\/\/api.w.org\/{rel}","templated":true}]}}