{"id":254319,"date":"2025-07-17T16:23:16","date_gmt":"2025-07-17T16:23:16","guid":{"rendered":"https:\/\/www.europesays.com\/fr\/254319\/"},"modified":"2025-07-17T16:23:16","modified_gmt":"2025-07-17T16:23:16","slug":"il-avait-fait-29-victimes-prison-ferme-pour-le-casseur-de-voitures-a-toulon","status":"publish","type":"post","link":"https:\/\/www.europesays.com\/fr\/254319\/","title":{"rendered":"Il avait fait 29 victimes: prison ferme pour le casseur de voitures \u00e0 Toulon"},"content":{"rendered":"<p>La s\u00e9rie de vols \u00e0 la roulotte commis par ce trentenaire avait d\u00e9fray\u00e9 la chronique le mois dernier. Steve N. a \u00e9t\u00e9 jug\u00e9 hier \u00e0 Toulon pour 29 d\u00e9lits : vols, d\u00e9gradation et l\u2019utilisation frauduleuse d\u2019une carte bancaire. Il a \u00e9t\u00e9 condamn\u00e9 \u00e0 dix-huit mois de prison et maintenu en d\u00e9tention.<\/p>\n<p>\u00c0 l\u2019audience du tribunal correctionnel, le pr\u00e9venu sans domicile fixe a expliqu\u00e9 qu\u2019il brisait les vitres de voitures \u00ab\u00a0pour vivre\u00a0\u00bb. Avec manifestement une pr\u00e9dilection pour les Citro\u00ebn C3 dont il cassait les petites vitres en forme de triangle \u00e0 l\u2019arri\u00e8re.<\/p>\n<p>Au d\u00e9but de l\u2019ann\u00e9e, il a s\u00e9vi dans les Bouches-du-Rh\u00f4ne avant de jeter son d\u00e9volu sur le centre-ville de Toulon en mai. La plupart des v\u00e9hicules fractur\u00e9s \u00e9taient stationn\u00e9s dans le parking Peiresc et dans les rues alentour (d\u2019Antrechaus, Victor-Clappier, etc.).<\/p>\n<p>Une quinzaine de cartes bancaires retrouv\u00e9es<\/p>\n<p>Un t\u00e9moin avait film\u00e9 l\u2019un de ces m\u00e9faits avec son smartphone et les enqu\u00eateurs de la brigade des atteintes aux biens de Toulon n\u2019ont pas manqu\u00e9 d\u2019exploiter les images de vid\u00e9oprotection de la Ville. De quoi soumettre un portrait du malfaiteur \u00e0 un outil d\u2019intelligence artificielle qui a permis l\u2019identification rapide de Steve N.<\/p>\n<p>Il faut dire que le suspect est archi connu de la justice. Son casier judiciaire est lest\u00e9 de treize condamnations depuis 2014, essentiellement pour des vols avec d\u00e9gradations de v\u00e9hicules. <br \/>&#13;<br \/>\nLe trentenaire, allocataire du RSA, squattait une cave dans une r\u00e9sidence de Martigues. Il vivait l\u00e0 avec sa m\u00e8re atteinte d\u2019un cancer et diab\u00e9tique, a-t-il pr\u00e9cis\u00e9. Dans ce logement de fortune, les policiers ont trouv\u00e9 une quinzaine de cartes bancaires vol\u00e9es.<\/p>\n<p>\u00ab\u00a0Un cercle vicieux\u00a0\u00bb<\/p>\n<p>\u00ab\u00a0Il vole pour se nourrir et pour prendre les transports en commun. On est dans une situation o\u00f9 la pr\u00e9carit\u00e9 est telle, qu\u2019il a perdu sa lucidit\u00e9\u00a0\u00bb, a plaid\u00e9 son avocate. \u00ab\u00a0Il accumule les dettes&#8230;\u00a0\u00bb, a r\u00e9sum\u00e9 la d\u00e9fense en r\u00e9f\u00e9rence \u00e0 ses pr\u00e9c\u00e9dentes condamnations. \u00ab\u00a0Avec ce cercle vicieux, il ne pourra jamais les honorer.\u00a0\u00bb<\/p>\n<p>En plus d\u2019une peine de prison ferme, Steve N. a \u00e9cop\u00e9 de treize amendes de cent euros correspondant au nombre de v\u00e9hicules d\u00e9grad\u00e9s. \u00c0 ces 1.300 euros, s\u2019ajoutent les indemnisations des victimes pour leurs pr\u00e9judices mat\u00e9riels et\/ou moraux, soit pr\u00e8s de 3.000 euros au total. \u00ab\u00a0Je suis d\u00e9sol\u00e9 pour les victimes\u00a0\u00bb, a r\u00e9p\u00e9t\u00e9 le pr\u00e9venu lors de son proc\u00e8s.<\/p>\n","protected":false},"excerpt":{"rendered":"La s\u00e9rie de vols \u00e0 la roulotte commis par ce trentenaire avait d\u00e9fray\u00e9 la chronique le mois dernier.&hellip;\n","protected":false},"author":2,"featured_media":254320,"comment_status":"","ping_status":"","sticky":false,"template":"","format":"standard","meta":{"footnotes":""},"categories":[9619],"tags":[1111,11,1777,674,1011,27,303,12,882,25,2310],"class_list":{"0":"post-254319","1":"post","2":"type-post","3":"status-publish","4":"format-standard","5":"has-post-thumbnail","7":"category-toulon","8":"tag-actu","9":"tag-actualites","10":"tag-eu","11":"tag-europe","12":"tag-fr","13":"tag-france","14":"tag-justice","15":"tag-news","16":"tag-provence-alpes-cote-dazur","17":"tag-republique-francaise","18":"tag-toulon"},"share_on_mastodon":{"url":"https:\/\/pubeurope.com\/@fr\/114869502164021682","error":""},"_links":{"self":[{"href":"https:\/\/www.europesays.com\/fr\/wp-json\/wp\/v2\/posts\/254319","targetHints":{"allow":["GET"]}}],"collection":[{"href":"https:\/\/www.europesays.com\/fr\/wp-json\/wp\/v2\/posts"}],"about":[{"href":"https:\/\/www.europesays.com\/fr\/wp-json\/wp\/v2\/types\/post"}],"author":[{"embeddable":true,"href":"https:\/\/www.europesays.com\/fr\/wp-json\/wp\/v2\/users\/2"}],"replies":[{"embeddable":true,"href":"https:\/\/www.europesays.com\/fr\/wp-json\/wp\/v2\/comments?post=254319"}],"version-history":[{"count":0,"href":"https:\/\/www.europesays.com\/fr\/wp-json\/wp\/v2\/posts\/254319\/revisions"}],"wp:featuredmedia":[{"embeddable":true,"href":"https:\/\/www.europesays.com\/fr\/wp-json\/wp\/v2\/media\/254320"}],"wp:attachment":[{"href":"https:\/\/www.europesays.com\/fr\/wp-json\/wp\/v2\/media?parent=254319"}],"wp:term":[{"taxonomy":"category","embeddable":true,"href":"https:\/\/www.europesays.com\/fr\/wp-json\/wp\/v2\/categories?post=254319"},{"taxonomy":"post_tag","embeddable":true,"href":"https:\/\/www.europesays.com\/fr\/wp-json\/wp\/v2\/tags?post=254319"}],"curies":[{"name":"wp","href":"https:\/\/api.w.org\/{rel}","templated":true}]}}