{"id":254323,"date":"2025-07-17T16:25:14","date_gmt":"2025-07-17T16:25:14","guid":{"rendered":"https:\/\/www.europesays.com\/fr\/254323\/"},"modified":"2025-07-17T16:25:14","modified_gmt":"2025-07-17T16:25:14","slug":"heroique-une-mere-reanime-son-bebe-de-deux-mois-dans-sa-voiture","status":"publish","type":"post","link":"https:\/\/www.europesays.com\/fr\/254323\/","title":{"rendered":"H\u00e9ro\u00efque, une m\u00e8re r\u00e9anime son b\u00e9b\u00e9 de deux mois dans sa voiture"},"content":{"rendered":"<p> \u00abAvec mon conjoint, on a eu la peur de notre vie\u00a0\u00bb. Une jeune femme a racont\u00e9 \u00e0 <a href=\"https:\/\/www.midilibre.fr\/2025\/07\/17\/notre-bebe-ne-bougeait-plus-il-ne-respirait-plus-une-mere-reanime-son-enfant-a-temps-dans-sa-voiture-a-montpellier-12828942.php\" target=\"_blank\" class=\"color-ultramarine c-link\" rel=\"noopener\">Midi Libre<\/a> le drame qui a \u00e9t\u00e9 \u00e9vit\u00e9 de justesse. Alors qu\u2019elle se trouvait en voiture dans une rue de <a href=\"https:\/\/www.20minutes.fr\/montpellier\/\" class=\"color-ultramarine c-link\" target=\"_blank\" rel=\"noopener\">Montpellier<\/a> (<a href=\"https:\/\/www.20minutes.fr\/societe\/herault\/\" class=\"color-ultramarine c-link\" target=\"_blank\" rel=\"noopener\">H\u00e9rault<\/a>), elle a \u00e9t\u00e9 alert\u00e9e par les cris de son conjoint, assis \u00e0 l\u2019arri\u00e8re, qui s\u2019est rendu compte que leur <a href=\"https:\/\/www.20minutes.fr\/dossier\/bebe\" class=\"color-ultramarine c-link\" target=\"_blank\" rel=\"noopener\">b\u00e9b\u00e9 <\/a>ne respirait plus.<\/p>\n<p>Sans n\u2019avoir jamais suivi de formation aux premiers secours, elle a alors adopt\u00e9 les bons r\u00e9flexes. Elle a pratiqu\u00e9 un massage cardiaque \u00e0 son enfant, ce qui lui a permis de relancer sa respiration. Les pompiers sont arriv\u00e9s et ont pris en charge l\u2019enfant victime d\u2019une asphyxie positionnelle. Apr\u00e8s avoir subi une batterie de tests, il est sorti de l\u2019h\u00f4pital sans aucune s\u00e9quelle de cette m\u00e9saventure.<\/p>\n<p>\u00ab\u00a0Le si\u00e8ge auto n\u2019\u00e9tait pas assez inclin\u00e9\u00a0\u00bb<\/p>\n<p>Le nourrisson qui \u00e9tait plac\u00e9 dans un si\u00e8ge auto pourtant adapt\u00e9 a \u00e9t\u00e9 victime d\u2019une asphyxie posturale (ou positionnelle). \u00ab\u00a0Il est important de s\u2019assurer que votre enfant est correctement install\u00e9 dans le si\u00e8ge auto et de bien lire les instructions qui accompagnent le si\u00e8ge, \u00e9voque Dina DiMaggio, sur le site de l\u2019<a href=\"https:\/\/www.healthychildren.org\/English\/tips-tools\/ask-the-pediatrician\/Pages\/Is-it-safe-for-my-baby-to-travel-in-a-car-seat-a-few-hours-at-a-time.aspx\" target=\"_blank\" class=\"color-ultramarine c-link\" rel=\"noopener\">Acad\u00e9mie am\u00e9ricaine des p\u00e9diatres<\/a>. Le si\u00e8ge auto doit faire face vers l\u2019arri\u00e8re et \u00eatre install\u00e9 sous un angle correct. Il faut \u00e9viter que la t\u00eate du b\u00e9b\u00e9 ne s\u2019affaisse dans le si\u00e8ge ou que la position de son menton ne bloque ses voies respiratoires.\u00a0\u00bb<\/p>\n<\/p>\n<p>\u00ab\u00a0Le si\u00e8ge auto n\u2019\u00e9tait pas assez inclin\u00e9. La vendeuse m\u2019a conseill\u00e9 de le changer pour un autre de meilleure qualit\u00e9\u00a0\u00bb, explique la maman.<\/p>\n","protected":false},"excerpt":{"rendered":"\u00abAvec mon conjoint, on a eu la peur de notre vie\u00a0\u00bb. Une jeune femme a racont\u00e9 \u00e0 Midi&hellip;\n","protected":false},"author":2,"featured_media":254324,"comment_status":"","ping_status":"","sticky":false,"template":"","format":"standard","meta":{"footnotes":""},"categories":[9599],"tags":[1111,47,11,3493,1777,674,118,1011,27,7089,2681,2208,12,2680,25,4752],"class_list":{"0":"post-254323","1":"post","2":"type-post","3":"status-publish","4":"format-standard","5":"has-post-thumbnail","7":"category-montpellier","8":"tag-actu","9":"tag-actualite","10":"tag-actualites","11":"tag-bebe","12":"tag-eu","13":"tag-europe","14":"tag-faits-divers","15":"tag-fr","16":"tag-france","17":"tag-herault","18":"tag-languedoc-roussillon","19":"tag-montpellier","20":"tag-news","21":"tag-occitanie","22":"tag-republique-francaise","23":"tag-voiture"},"share_on_mastodon":{"url":"https:\/\/pubeurope.com\/@fr\/114869509972337415","error":""},"_links":{"self":[{"href":"https:\/\/www.europesays.com\/fr\/wp-json\/wp\/v2\/posts\/254323","targetHints":{"allow":["GET"]}}],"collection":[{"href":"https:\/\/www.europesays.com\/fr\/wp-json\/wp\/v2\/posts"}],"about":[{"href":"https:\/\/www.europesays.com\/fr\/wp-json\/wp\/v2\/types\/post"}],"author":[{"embeddable":true,"href":"https:\/\/www.europesays.com\/fr\/wp-json\/wp\/v2\/users\/2"}],"replies":[{"embeddable":true,"href":"https:\/\/www.europesays.com\/fr\/wp-json\/wp\/v2\/comments?post=254323"}],"version-history":[{"count":0,"href":"https:\/\/www.europesays.com\/fr\/wp-json\/wp\/v2\/posts\/254323\/revisions"}],"wp:featuredmedia":[{"embeddable":true,"href":"https:\/\/www.europesays.com\/fr\/wp-json\/wp\/v2\/media\/254324"}],"wp:attachment":[{"href":"https:\/\/www.europesays.com\/fr\/wp-json\/wp\/v2\/media?parent=254323"}],"wp:term":[{"taxonomy":"category","embeddable":true,"href":"https:\/\/www.europesays.com\/fr\/wp-json\/wp\/v2\/categories?post=254323"},{"taxonomy":"post_tag","embeddable":true,"href":"https:\/\/www.europesays.com\/fr\/wp-json\/wp\/v2\/tags?post=254323"}],"curies":[{"name":"wp","href":"https:\/\/api.w.org\/{rel}","templated":true}]}}