{"id":254329,"date":"2025-07-17T16:30:18","date_gmt":"2025-07-17T16:30:18","guid":{"rendered":"https:\/\/www.europesays.com\/fr\/254329\/"},"modified":"2025-07-17T16:30:18","modified_gmt":"2025-07-17T16:30:18","slug":"isere-ll-y-a-100-ans-grenoble-installait-un-zoo-humain-au-parc-mistral","status":"publish","type":"post","link":"https:\/\/www.europesays.com\/fr\/254329\/","title":{"rendered":"Is\u00e8re. ll y a 100 ans, Grenoble installait un \u00ab\u00a0zoo humain\u00a0\u00bb au parc Mistral\u2026"},"content":{"rendered":"<p>Bien s\u00fbr, regarder l\u2019Histoire avec nos yeux d\u2019aujourd\u2019hui, sans un brin de contextualisation, n\u2019est jamais le bon chemin \u00e0 prendre. Mais ne pas la regarder du tout serait aussi une erreur. Exemple\u00a0: prenez l\u2019Exposition internationale de la houille blanche et du tourisme, qui s\u2019est d\u00e9roul\u00e9e du 21\u00a0mai au 25\u00a0octobre 1925 \u00e0 Grenoble, et dont on c\u00e9l\u00e8bre actuellement le centenaire avec pour embl\u00e8me sa tour Perret.<\/p>\n<p>Oui, cet \u00e9v\u00e9nement -&#8230;<\/p>\n","protected":false},"excerpt":{"rendered":"Bien s\u00fbr, regarder l\u2019Histoire avec nos yeux d\u2019aujourd\u2019hui, sans un brin de contextualisation, n\u2019est jamais le bon chemin&hellip;\n","protected":false},"author":2,"featured_media":254330,"comment_status":"","ping_status":"","sticky":false,"template":"","format":"standard","meta":{"footnotes":""},"categories":[9566],"tags":[1111,11,2430,112,1777,674,107,1011,27,2731,2732,937,108,12,25,104],"class_list":{"0":"post-254329","1":"post","2":"type-post","3":"status-publish","4":"format-standard","5":"has-post-thumbnail","7":"category-grenoble","8":"tag-actu","9":"tag-actualites","10":"tag-auvergne-rhone-alpes","11":"tag-edition-grenoble-agglomeration","12":"tag-eu","13":"tag-europe","14":"tag-fil-info","15":"tag-fr","16":"tag-france","17":"tag-grenoble","18":"tag-grenoble-bassin","19":"tag-histoire","20":"tag-isere","21":"tag-news","22":"tag-republique-francaise","23":"tag-societe"},"share_on_mastodon":{"url":"https:\/\/pubeurope.com\/@fr\/114869529691489615","error":""},"_links":{"self":[{"href":"https:\/\/www.europesays.com\/fr\/wp-json\/wp\/v2\/posts\/254329","targetHints":{"allow":["GET"]}}],"collection":[{"href":"https:\/\/www.europesays.com\/fr\/wp-json\/wp\/v2\/posts"}],"about":[{"href":"https:\/\/www.europesays.com\/fr\/wp-json\/wp\/v2\/types\/post"}],"author":[{"embeddable":true,"href":"https:\/\/www.europesays.com\/fr\/wp-json\/wp\/v2\/users\/2"}],"replies":[{"embeddable":true,"href":"https:\/\/www.europesays.com\/fr\/wp-json\/wp\/v2\/comments?post=254329"}],"version-history":[{"count":0,"href":"https:\/\/www.europesays.com\/fr\/wp-json\/wp\/v2\/posts\/254329\/revisions"}],"wp:featuredmedia":[{"embeddable":true,"href":"https:\/\/www.europesays.com\/fr\/wp-json\/wp\/v2\/media\/254330"}],"wp:attachment":[{"href":"https:\/\/www.europesays.com\/fr\/wp-json\/wp\/v2\/media?parent=254329"}],"wp:term":[{"taxonomy":"category","embeddable":true,"href":"https:\/\/www.europesays.com\/fr\/wp-json\/wp\/v2\/categories?post=254329"},{"taxonomy":"post_tag","embeddable":true,"href":"https:\/\/www.europesays.com\/fr\/wp-json\/wp\/v2\/tags?post=254329"}],"curies":[{"name":"wp","href":"https:\/\/api.w.org\/{rel}","templated":true}]}}