{"id":254333,"date":"2025-07-17T16:32:10","date_gmt":"2025-07-17T16:32:10","guid":{"rendered":"https:\/\/www.europesays.com\/fr\/254333\/"},"modified":"2025-07-17T16:32:10","modified_gmt":"2025-07-17T16:32:10","slug":"drame-en-plein-centre-ville-de-rennes-un-homme-meurt-noye","status":"publish","type":"post","link":"https:\/\/www.europesays.com\/fr\/254333\/","title":{"rendered":"Drame en plein centre-ville de Rennes\u00a0: un homme meurt noy\u00e9"},"content":{"rendered":"<p>Un homme d\u2019un quarantaine d\u2019ann\u00e9es est mort apr\u00e8s s\u2018\u00eatre noy\u00e9 dans la Vilaine, en plein c\u0153ur de Rennes, ce jeudi 17 juillet. Selon les premiers \u00e9l\u00e9ments, il serait tomb\u00e9 du Belv\u00e9d\u00e8re, l\u2019\u0153uvre des fr\u00e8res Bouroullec, situ\u00e9e pr\u00e8s de la place de Bretagne, \u00e0 la confluence du canal de l\u2019Ille et de la Vilaine, au pied de l\u2019immeuble Cap Mail de Jean Nouvel.<\/p>\n<p>La victime a pu \u00eatre remont\u00e9e hors de l\u2019eau par les secours, mais n\u2019a malheureusement pas pu \u00eatre r\u00e9anim\u00e9e. Une enqu\u00eate a \u00e9t\u00e9 ouverte par la police pour \u00e9claircir les circonstances de ce drame.<\/p>\n","protected":false},"excerpt":{"rendered":"Un homme d\u2019un quarantaine d\u2019ann\u00e9es est mort apr\u00e8s s\u2018\u00eatre noy\u00e9 dans la Vilaine, en plein c\u0153ur de Rennes,&hellip;\n","protected":false},"author":2,"featured_media":254334,"comment_status":"","ping_status":"","sticky":false,"template":"","format":"standard","meta":{"footnotes":""},"categories":[2821],"tags":[1111,11,829,765,1777,674,118,3383,1011,27,848,12,584,25],"class_list":{"0":"post-254333","1":"post","2":"type-post","3":"status-publish","4":"format-standard","5":"has-post-thumbnail","7":"category-rennes","8":"tag-actu","9":"tag-actualites","10":"tag-bretagne","11":"tag-en-continu","12":"tag-eu","13":"tag-europe","14":"tag-faits-divers","15":"tag-faits-divers-a-rennes","16":"tag-fr","17":"tag-france","18":"tag-ille-et-vilaine","19":"tag-news","20":"tag-rennes","21":"tag-republique-francaise"},"share_on_mastodon":{"url":"https:\/\/pubeurope.com\/@fr\/114869537631374187","error":""},"_links":{"self":[{"href":"https:\/\/www.europesays.com\/fr\/wp-json\/wp\/v2\/posts\/254333","targetHints":{"allow":["GET"]}}],"collection":[{"href":"https:\/\/www.europesays.com\/fr\/wp-json\/wp\/v2\/posts"}],"about":[{"href":"https:\/\/www.europesays.com\/fr\/wp-json\/wp\/v2\/types\/post"}],"author":[{"embeddable":true,"href":"https:\/\/www.europesays.com\/fr\/wp-json\/wp\/v2\/users\/2"}],"replies":[{"embeddable":true,"href":"https:\/\/www.europesays.com\/fr\/wp-json\/wp\/v2\/comments?post=254333"}],"version-history":[{"count":0,"href":"https:\/\/www.europesays.com\/fr\/wp-json\/wp\/v2\/posts\/254333\/revisions"}],"wp:featuredmedia":[{"embeddable":true,"href":"https:\/\/www.europesays.com\/fr\/wp-json\/wp\/v2\/media\/254334"}],"wp:attachment":[{"href":"https:\/\/www.europesays.com\/fr\/wp-json\/wp\/v2\/media?parent=254333"}],"wp:term":[{"taxonomy":"category","embeddable":true,"href":"https:\/\/www.europesays.com\/fr\/wp-json\/wp\/v2\/categories?post=254333"},{"taxonomy":"post_tag","embeddable":true,"href":"https:\/\/www.europesays.com\/fr\/wp-json\/wp\/v2\/tags?post=254333"}],"curies":[{"name":"wp","href":"https:\/\/api.w.org\/{rel}","templated":true}]}}