{"id":254360,"date":"2025-07-17T16:47:10","date_gmt":"2025-07-17T16:47:10","guid":{"rendered":"https:\/\/www.europesays.com\/fr\/254360\/"},"modified":"2025-07-17T16:47:10","modified_gmt":"2025-07-17T16:47:10","slug":"usage-disproportionne-de-la-force-responsabilite-de-la-hierarchie-ce-quil-faut-retenir-du-rapport-de-ligpn","status":"publish","type":"post","link":"https:\/\/www.europesays.com\/fr\/254360\/","title":{"rendered":"\u201cUsage disproportionn\u00e9 de la force\u201d, responsabilit\u00e9 de la hi\u00e9rarchie\u2026 Ce qu\u2019il faut retenir du rapport de l\u2019IGPN"},"content":{"rendered":"<p>      <img fetchpriority=\"high\" decoding=\"async\" class=\"mx-auto\" src=\"data:image\/svg+xml,%3Csvg%20xmlns%3D%27http%3A%2F%2Fwww.w3.org%2F2000%2Fsvg%27%20fill%3D%22%23e4e4e4%22%20viewBox%3D%270%200%20510%20340%27%20width%3D%22510%22%20height%3D%22340%22%3E%3Cpath%20d%3D%27M0%200h510v340H0z%27%2F%3E%3C%2Fsvg%3E\"  loading=\"eager\" width=\"510\" height=\"340\" data-oncrawl-image-size=\"510x340\" alt=\"Hedi quitte le palais de justice de Marseille apr\u00e8s son audition \u00e0 Marseille le 6\u00a0septembre 2023. \"\/>      <\/p>\n<p class=\"latino-100m text-grey-600\">\n            Hedi quitte le palais de justice de Marseille apr\u00e8s son audition \u00e0 Marseille le 6\u00a0septembre 2023. \u00a0CHRISTOPHE SIMON \/ AFP        <\/p>\n<p>    Lire\u00a0plus\u00a0tard  <\/p>\n<p><a aria-label=\"Nous suivre sur Google News\" href=\"https:\/\/news.google.com\/publications\/CAAqBwgKMJe4nQkw3dFs?hl=fr&amp;gl=FR&amp;ceid=FR%3Afr\" target=\"_blank\" data-piano=\"Page_Article,Sous_date_publi,Nous_suivre_sur_google_news,1er_clic,action\" class=\"btn btn--small btn--tertiary btn--icon-only\" rel=\"noopener\"><\/p>\n<p>      Google Actualit\u00e9s<br \/>\n  <\/a><\/p>\n<p>  Partager<\/p>\n<p>        Facebook<\/p>\n<p>        Bluesky<\/p>\n<p>        E-mail<\/p>\n<p>        Copier le lien<\/p>\n<p>      Envoyer<\/p>\n<p>      S\u2019abonner    <\/p>\n<p class=\"node__paragraphe antonia-750r text-grey-800 pb-24 pb-md-30\">\nLe chef de l\u2019Inspection g\u00e9n\u00e9rale de la police nationale (IGPN) \u00e0 Marseille a envoy\u00e9 son rapport \u00e9crit \u00e0 sa direction le 13\u00a0f\u00e9vrier dernier, il a \u00e9t\u00e9 envoy\u00e9 \u00e0 la justice un mois plus tard et r\u00e9v\u00e9l\u00e9 par <a target=\"_blank\" href=\"https:\/\/www.mediapart.fr\/journal\/france\/150725\/affaire-hedi-l-igpn-reclame-un-conseil-de-discipline-le-ministere-attend\" rel=\"noopener\">Mediapart<\/a> ce mardi. Et la conclusion para\u00eet limpide\u00a0: \u00ab\u00a0Les manquements \u00e9tablis (\u2026) doivent s\u2019analyser dans leur globalit\u00e9. C\u2019est pourquoi je propose, au vu de la gravit\u00e9 des faits, que les gardiens de la paix David B. et Christophe I., les majors Boris P. et Gilles A., ainsi que la commandante Virginie G. soient renvoy\u00e9s devant le conseil de discipline\u00a0\u00bb.<\/p>\n<p class=\"node__paragraphe antonia-750r text-grey-800 pb-24 pb-md-30\">\nMais, \u00e0 ce jour, les conseils de discipline n\u2019ont toujours pas eu lieu. Ils pourraient pourtant amener jusqu\u2019\u00e0 la r\u00e9vocation des cinq fonctionnaires de la Brigade anticriminalit\u00e9 (BAC), un peu plus de deux ans apr\u00e8s <a href=\"https:\/\/www.nouvelobs.com\/justice\/20230721.OBS76037\/mises-en-examen-de-quatre-policiers-reactions-de-leurs-collegues-a-marseille-l-enquete-avance-apres-le-passage-a-tabac-d-hedi.html\" target=\"_blank\" rel=\"noopener\">le tabassage d\u2019Hedi \u00e0 Marseille en juillet\u00a02023<\/a>, aboutissant notamment \u00e0 l\u2019amputation partielle de son cr\u00e2ne, suite \u00e0 un tir de LBD et un d\u00e9ferlement de coups de poing et de pied par les policiers alors qu\u2019il se trouvait au sol. Les faits s\u2019\u00e9tant d\u00e9roul\u00e9s pendant <a href=\"https:\/\/www.nouvelobs.com\/justice\/20250604.OBS104606\/mort-de-nahel-tue-par-un-policier-pourquoi-les-juges-ont-renvoye-l-auteur-du-coup-de-feu-devant-les-assises-pour-meurtre.html\" target=\"_blank\" rel=\"noopener\">les r\u00e9voltes suite au d\u00e9c\u00e8s de Nahel \u00e0 Nanterre<\/a>.<\/p>\n<p class=\"node__paragraphe antonia-750r text-grey-800 pb-24 pb-md-30\">\nLa \u00ab\u00a0police des polices\u00a0\u00bb d\u00e9crit bien un \u00ab\u00a0usage disproportionn\u00e9 de la force\u00a0\u00bb face \u00e0 une personne \u00ab\u00a0qui ne repr\u00e9sentait aucune menace imm\u00e9diate\u00a0\u00bb dans son rapport de 206\u00a0pages.<\/p>\n<p>\u00ab\u00a0Refus d\u2019assumer son commandement\u00a0\u00bb<\/p>\n<p class=\"node__paragraphe antonia-750r text-grey-800 pb-24 pb-md-30\">\nLa responsabilit\u00e9 de chaque \u00e9chelon est point\u00e9e. D\u2019abord, l\u2019Inspection relate le tir de LBD dans la t\u00eate d\u2019Hedi, alors qu\u2019il \u00e9tait de dos, par le policier Christophe I. Ensuite, elle rapporte le tabassage du jeune d\u00e9j\u00e0 \u00ab\u00a0bless\u00e9\u00a0\u00bb et ne repr\u00e9sentant \u00ab\u00a0aucun signe de r\u00e9bellion\u00a0\u00bb par Gilles A., Boris P et David B. Ce dernier \u00ab\u00a0lui assenait un violent coup de pied\u00a0\u00bb et \u00ab\u00a0alors, qu\u2019il [Hedi, NDLR] se relevait avec difficult\u00e9, se tenant la t\u00eate de la main gauche\u00a0\u00bb, il \u00ab\u00a0s\u2019approchait \u00e0 nouveau de lui\u00a0\u00bb et \u00ab\u00a0prenant de l\u2019\u00e9lan, ce policier amenait en arri\u00e8re son bras, prolong\u00e9 par un objet longiforme avec lequel il frappait Hedi\u00a0\u00bb, \u00e9crit le rapport r\u00e9v\u00e9l\u00e9 par Mediapart.<\/p>\n<p class=\"latino-500b text-grey-600 pb-16\">A lire aussi<\/p>\n<p><a href=\"https:\/\/www.nouvelobs.com\/justice\/20230922.OBS78492\/angelina-victime-de-violences-policieres-j-etais-celle-qui-dansait-au-milieu-de-la-piece-aujourd-hui-je-rase-les-murs.html\" data-article-key=\"20230922.OBS78492\" class=\"link--box flex-grow-1\" data-piano=\"Page_Article,Lire_aussi,,Lien1,navigation\" target=\"_blank\" rel=\"noopener\"><\/p>\n<p>                <img decoding=\"async\" src=\"data:image\/svg+xml,%3Csvg%20xmlns%3D%27http%3A%2F%2Fwww.w3.org%2F2000%2Fsvg%27%20fill%3D%22%23e4e4e4%22%20viewBox%3D%270%200%20120%2080%27%20width%3D%22120%22%20height%3D%2280%22%3E%3Cpath%20d%3D%27M0%200h120v80H0z%27%2F%3E%3C%2Fsvg%3E\"  width=\"120\" height=\"79\" loading=\"lazy\" alt=\"Angelina, le 12\u00a0septembre, \u00e0 Marseille. \"\/><\/p>\n<p class=\"latino-300r latino-lg-600m text-grey-800\">\n                      <strong class=\"latino-300b latino-lg-600m text-grey-500\">R\u00e9cit\u00a0<\/strong><br \/>\n                    Angelina, victime de violences polici\u00e8res\u00a0:  \u00ab\u00a0J\u2019\u00e9tais celle qui dansait au milieu de la pi\u00e8ce, aujourd\u2019hui, je rase les murs\u00a0\u00bb        <\/p>\n<p><\/a><\/p>\n<p class=\"node__paragraphe antonia-750r text-grey-800 pb-24 pb-md-30\">\nSurtout, l\u2019IGPN \u00e9taye la responsabilit\u00e9 de leur cheffe, Virginie G. et son \u00ab\u00a0atteinte notoire (\u2026) au cr\u00e9dit et au renom de la police nationale\u00a0\u00bb. D\u2019apr\u00e8s l\u2019Inspection, elle a assist\u00e9 aux violences sans les arr\u00eater, sans les rapporter \u00e0 sa hi\u00e9rarchie ni prot\u00e9ger Hedi, alors qu\u2019elle \u00e9tait \u00ab\u00a0\u00e0 quelques m\u00e8tres du groupe\u00a0\u00bb de policiers auteurs du tabassage. \u00ab\u00a0En s\u2019abstenant de toute intervention\u00a0\u00bb, Viriginie G. a manqu\u00e9 \u00e0 son \u00ab\u00a0devoir d\u2019ob\u00e9issance par refus d\u2019assumer son commandement\u00a0\u00bb.<\/p>\n<p class=\"node__paragraphe antonia-750r text-grey-800 pb-24 pb-md-30\">\nQuatre policiers de la BAC ont par ailleurs \u00e9t\u00e9 mis en examen dans ce dossier pour \u00ab\u00a0violences volontaire aggrav\u00e9es\u00a0\u00bb et le tireur de LBD avait \u00e9t\u00e9 incarc\u00e9r\u00e9 en d\u00e9tention provisoire 40 jours\u00a0<a href=\"https:\/\/www.nouvelobs.com\/justice\/20230901.OBS77605\/affaire-hedi-le-policier-marseillais-remis-en-liberte.html\" target=\"_blank\" rel=\"noopener\">avant d\u2019\u00eatre lib\u00e9r\u00e9\u00a0<\/a>sous contr\u00f4le judiciaire.<\/p>\n<p class=\"node__paragraphe antonia-750r text-grey-800 pb-24 pb-md-30\">\n\u25d7 *Les personnes cit\u00e9es ont \u00e9t\u00e9 anonymis\u00e9es<\/p>\n","protected":false},"excerpt":{"rendered":"Hedi quitte le palais de justice de Marseille apr\u00e8s son audition \u00e0 Marseille le 6\u00a0septembre 2023. \u00a0CHRISTOPHE SIMON&hellip;\n","protected":false},"author":2,"featured_media":254361,"comment_status":"","ping_status":"","sticky":false,"template":"","format":"standard","meta":{"footnotes":""},"categories":[2814],"tags":[17,1111,11,13060,39470,1777,674,8290,1011,27,39468,39471,303,884,12,882,25,29286,39469],"class_list":{"0":"post-254360","1":"post","2":"type-post","3":"status-publish","4":"format-standard","5":"has-post-thumbnail","7":"category-marseille","8":"tag-17","9":"tag-actu","10":"tag-actualites","11":"tag-affaire","12":"tag-disproportionne","13":"tag-eu","14":"tag-europe","15":"tag-faut","16":"tag-fr","17":"tag-france","18":"tag-hedi","19":"tag-hierarchie","20":"tag-justice","21":"tag-marseille","22":"tag-news","23":"tag-provence-alpes-cote-dazur","24":"tag-republique-francaise","25":"tag-responsabilite","26":"tag-usage"},"share_on_mastodon":{"url":"https:\/\/pubeurope.com\/@fr\/114869596621756561","error":""},"_links":{"self":[{"href":"https:\/\/www.europesays.com\/fr\/wp-json\/wp\/v2\/posts\/254360","targetHints":{"allow":["GET"]}}],"collection":[{"href":"https:\/\/www.europesays.com\/fr\/wp-json\/wp\/v2\/posts"}],"about":[{"href":"https:\/\/www.europesays.com\/fr\/wp-json\/wp\/v2\/types\/post"}],"author":[{"embeddable":true,"href":"https:\/\/www.europesays.com\/fr\/wp-json\/wp\/v2\/users\/2"}],"replies":[{"embeddable":true,"href":"https:\/\/www.europesays.com\/fr\/wp-json\/wp\/v2\/comments?post=254360"}],"version-history":[{"count":0,"href":"https:\/\/www.europesays.com\/fr\/wp-json\/wp\/v2\/posts\/254360\/revisions"}],"wp:featuredmedia":[{"embeddable":true,"href":"https:\/\/www.europesays.com\/fr\/wp-json\/wp\/v2\/media\/254361"}],"wp:attachment":[{"href":"https:\/\/www.europesays.com\/fr\/wp-json\/wp\/v2\/media?parent=254360"}],"wp:term":[{"taxonomy":"category","embeddable":true,"href":"https:\/\/www.europesays.com\/fr\/wp-json\/wp\/v2\/categories?post=254360"},{"taxonomy":"post_tag","embeddable":true,"href":"https:\/\/www.europesays.com\/fr\/wp-json\/wp\/v2\/tags?post=254360"}],"curies":[{"name":"wp","href":"https:\/\/api.w.org\/{rel}","templated":true}]}}