{"id":254368,"date":"2025-07-17T16:52:09","date_gmt":"2025-07-17T16:52:09","guid":{"rendered":"https:\/\/www.europesays.com\/fr\/254368\/"},"modified":"2025-07-17T16:52:09","modified_gmt":"2025-07-17T16:52:09","slug":"une-rixe-eclate-apres-un-match-de-foot-deux-blesses-a-coups-de-couteau-dont-un-grave","status":"publish","type":"post","link":"https:\/\/www.europesays.com\/fr\/254368\/","title":{"rendered":"une rixe \u00e9clate apr\u00e8s un match de foot, deux bless\u00e9s \u00e0 coups de couteau dont un grave"},"content":{"rendered":"<p>            Par<br \/>\n        <strong><br \/>\n            <a href=\"https:\/\/actu.fr\/auteur\/redaction-paris\" title=\"Consulter tous les articles de R\u00e9daction Paris\" rel=\"nofollow noopener\" target=\"_blank\">R\u00e9daction Paris<\/a><br \/>\n        <\/strong><\/p>\n<p>        Publi\u00e9 le<\/p>\n<p>            17 juil. 2025 \u00e0 15h47        <\/p>\n<p>L\u2019after foot a vir\u00e9 au drame. Mercredi 16\u00a0juillet 2025, vers 19h50 aux abords du stade Marcel-Payen \u00e0 La Garenne-Colombes (<a href=\"https:\/\/actu.fr\/ile-de-france\/hauts-de-seine_92\" rel=\"nofollow noopener\" target=\"_blank\">Hauts-de-Seine<\/a>), une vingtaine de jeunes issus de <strong>deux \u00e9quipes de football rivales<\/strong> en sont venus aux mains. Deux d\u2019entre eux ont \u00e9t\u00e9 bless\u00e9s et six autres ont \u00e9t\u00e9 interpell\u00e9s, selon une source polici\u00e8re.<\/p>\n<p class=\" wall-content\">Une enqu\u00eate a \u00e9t\u00e9 ouverte par le parquet de Nanterre.<\/p>\n<p>Un jeune en urgence absolue<\/p>\n<p class=\" wall-content\">Lorsque la police arrive sur place, la bagarre touche \u00e0 sa fin. Deux jeunes sont \u00e0 terre, bless\u00e9s avec des plaies saignantes. Selon <a href=\"https:\/\/www.leparisien.fr\/hauts-de-seine-92\/la-garenne-colombes-coups-de-couteau-en-marge-dun-match-de-foot-six-ados-interpelles-17-07-2025-FVFOH7Q2W5CATMI7MCKS3CVUTY.php\" rel=\"nofollow noopener\" target=\"_blank\">Le Parisien<\/a>, l\u2019un a \u00e9t\u00e9 <strong>transport\u00e9 en urgence absolue<\/strong> \u00e0 l\u2019h\u00f4pital Robert-Debr\u00e9, \u00e0 Paris. L\u2019autre, touch\u00e9 \u00e0 l\u2019abdomen, a \u00e9t\u00e9 emmen\u00e9 \u00e0 l\u2019h\u00f4pital Louis-Mourier de Colombes.<\/p>\n<p class=\" wall-content\">Un couteau est \u00e9galement retrouv\u00e9 \u00e0 proximit\u00e9 des victimes ainsi qu\u2019un sac contenant divers outils.<\/p>\n<p class=\" wall-content\">Suivez toute l\u2019actualit\u00e9 de vos villes et m\u00e9dias favoris en vous inscrivant \u00e0 <a href=\"https:\/\/moncompte.actu.fr\" title=\"D\u00e9couvez Mon Actu\" rel=\"nofollow noopener\" data-trk=\"{&quot;cta&quot;:{&quot;action&quot;:&quot;https:\\\/\\\/moncompte.actu.fr&quot;,&quot;category&quot;:&quot;mon compte&quot;,&quot;from&quot;:&quot;article footer&quot;,&quot;name&quot;:&quot;Mon actu&quot;,&quot;type&quot;:&quot;cta&quot;}}\" target=\"_blank\">Mon Actu<\/a>.<\/p>\n","protected":false},"excerpt":{"rendered":"Par R\u00e9daction Paris Publi\u00e9 le 17 juil. 2025 \u00e0 15h47 L\u2019after foot a vir\u00e9 au drame. Mercredi 16\u00a0juillet&hellip;\n","protected":false},"author":2,"featured_media":254369,"comment_status":"","ping_status":"","sticky":false,"template":"","format":"standard","meta":{"footnotes":""},"categories":[1888],"tags":[1111,1928,11,1927,1777,674,118,1011,27,12,1926,626,1925,1072,1311,25],"class_list":{"0":"post-254368","1":"post","2":"type-post","3":"status-publish","4":"format-standard","5":"has-post-thumbnail","7":"category-paris","8":"tag-actu","9":"tag-actu-paris","10":"tag-actualites","11":"tag-actualites-paris","12":"tag-eu","13":"tag-europe","14":"tag-faits-divers","15":"tag-fr","16":"tag-france","17":"tag-news","18":"tag-news-paris","19":"tag-paris","20":"tag-paris-news","21":"tag-police","22":"tag-pompiers","23":"tag-republique-francaise"},"share_on_mastodon":{"url":"https:\/\/pubeurope.com\/@fr\/114869616201781232","error":""},"_links":{"self":[{"href":"https:\/\/www.europesays.com\/fr\/wp-json\/wp\/v2\/posts\/254368","targetHints":{"allow":["GET"]}}],"collection":[{"href":"https:\/\/www.europesays.com\/fr\/wp-json\/wp\/v2\/posts"}],"about":[{"href":"https:\/\/www.europesays.com\/fr\/wp-json\/wp\/v2\/types\/post"}],"author":[{"embeddable":true,"href":"https:\/\/www.europesays.com\/fr\/wp-json\/wp\/v2\/users\/2"}],"replies":[{"embeddable":true,"href":"https:\/\/www.europesays.com\/fr\/wp-json\/wp\/v2\/comments?post=254368"}],"version-history":[{"count":0,"href":"https:\/\/www.europesays.com\/fr\/wp-json\/wp\/v2\/posts\/254368\/revisions"}],"wp:featuredmedia":[{"embeddable":true,"href":"https:\/\/www.europesays.com\/fr\/wp-json\/wp\/v2\/media\/254369"}],"wp:attachment":[{"href":"https:\/\/www.europesays.com\/fr\/wp-json\/wp\/v2\/media?parent=254368"}],"wp:term":[{"taxonomy":"category","embeddable":true,"href":"https:\/\/www.europesays.com\/fr\/wp-json\/wp\/v2\/categories?post=254368"},{"taxonomy":"post_tag","embeddable":true,"href":"https:\/\/www.europesays.com\/fr\/wp-json\/wp\/v2\/tags?post=254368"}],"curies":[{"name":"wp","href":"https:\/\/api.w.org\/{rel}","templated":true}]}}