{"id":254372,"date":"2025-07-17T16:54:15","date_gmt":"2025-07-17T16:54:15","guid":{"rendered":"https:\/\/www.europesays.com\/fr\/254372\/"},"modified":"2025-07-17T16:54:15","modified_gmt":"2025-07-17T16:54:15","slug":"paris-le-trafic-reprend-en-gare-du-nord-apres-un-soupcon-de-fuite-de-gaz","status":"publish","type":"post","link":"https:\/\/www.europesays.com\/fr\/254372\/","title":{"rendered":"Paris : le trafic reprend en gare du Nord apr\u00e8s un soup\u00e7on de fuite de gaz"},"content":{"rendered":"<p class=\"paragraph text_align_left lp-f-body-02\">En raison d\u2019une fuite de gaz au nord de Paris, la gare du Nord et plusieurs lignes ont \u00e9t\u00e9 coup\u00e9es ou perturb\u00e9es ce jeudi. Les voyageurs pr\u00e9sents dans la gare ont \u00e9t\u00e9 \u00e9vacu\u00e9s sur le parvis, vers 18 heures. <\/p>\n<p class=\"paragraph text_align_left lp-f-body-02\">\u00ab Un p\u00e9rim\u00e8tre de s\u00e9curit\u00e9 a \u00e9t\u00e9 mis en place \u00e0 Paris Nord suite \u00e0 une odeur signal\u00e9e par la police. Les pompiers sont d\u00e9j\u00e0 sur place et les recherches sont en cours \u00bb, pr\u00e9cise une porte-parole de SNCF R\u00e9seau, qui g\u00e8re l\u2019infrastructure. L\u2019alerte a \u00e9t\u00e9 lev\u00e9e vers 18h45 et l\u2019ensemble du trafic reprend sur les lignes B, D, H, K et les lignes 4 et 5 du m\u00e9tro. <\/p>\n<blockquote class=\"twitter-tweet\">\n<p lang=\"fr\" dir=\"ltr\">\u2705 Les acc\u00e8s \u00e0 la station Gare du Nord ligne 4 et ligne 5 sont r\u00e9 ouvert. Les correspondances dans la station sont \u00e0 nouveau possibles. L&rsquo;incident li\u00e9 \u00e0 des mesures de s\u00e9curit\u00e9 demand\u00e9es par la Pr\u00e9fecture de Police est termin\u00e9 <a href=\"https:\/\/twitter.com\/hashtag\/LIGNE5?src=hash&amp;ref_src=twsrc%5Etfw\" target=\"_blank\" rel=\"noopener\">#LIGNE5<\/a>  <a href=\"https:\/\/twitter.com\/hashtag\/LIGNE4?src=hash&amp;ref_src=twsrc%5Etfw\" target=\"_blank\" rel=\"noopener\">#LIGNE4<\/a> <a href=\"https:\/\/twitter.com\/hashtag\/RATP?src=hash&amp;ref_src=twsrc%5Etfw\" target=\"_blank\" rel=\"noopener\">#RATP<\/a><\/p>\n<p>\u2014 Ligne 5 (@Ligne5_RATP) <a href=\"https:\/\/twitter.com\/Ligne5_RATP\/status\/1945885864543895974?ref_src=twsrc%5Etfw\" target=\"_blank\" rel=\"noopener\">July 17, 2025<\/a><\/p><\/blockquote>\n<p class=\"paragraph text_align_left lp-f-body-02\">Sur le RER D, le trafic a repris entre Stade-de-France et Paris gare de Lyon dans les deux sens, explique la SNCF \u00e0 18h31.<\/p>\n<p class=\"paragraph text_align_left lp-f-body-02\">Du c\u00f4t\u00e9 du RER B, les acc\u00e8s \u00e0 la station Gare du Nord ont eux aussi \u00e9t\u00e9 ferm\u00e9s et les trains ne marquaient pas l\u2019arr\u00eat. A 18h37 \u00ab la Gare du Nord est de nouveau desservie, les trains marquent l\u2019arr\u00eat, les correspondances sont assur\u00e9es \u00bb.<\/p>\n<p class=\"paragraph text_align_left lp-f-body-02\">Par ailleurs, le RER C \u00ab est ralenti entre Pontoise et Montigny-Beauchamp dans les deux sens de circulation en raison d\u2019une fuite de gaz dans le secteur de Paris Nord (Gare du Nord) \u00bb. \u00ab Il n\u2019y a pas d\u2019impact sur les grandes lignes \u00bb, compl\u00e8te la SNCF.<\/p>\n<p class=\"paragraph text_align_left lp-f-body-02\">Le r\u00e9seau demeure cependant perturb\u00e9 le temps que le trafic reprennent son cours normal.<\/p>\n<p class=\"paragraph text_align_left lp-f-body-02\"><b>&gt;&gt; Plus d\u2019information \u00e0 venir<\/b><\/p>\n<p><script async src=\"https:\/\/platform.twitter.com\/widgets.js\" charset=\"utf-8\"><\/script><\/p>\n","protected":false},"excerpt":{"rendered":"En raison d\u2019une fuite de gaz au nord de Paris, la gare du Nord et plusieurs lignes ont&hellip;\n","protected":false},"author":2,"featured_media":254373,"comment_status":"","ping_status":"","sticky":false,"template":"","format":"standard","meta":{"footnotes":""},"categories":[1888],"tags":[11,1777,674,1011,27,1944,12,626,25,2382],"class_list":{"0":"post-254372","1":"post","2":"type-post","3":"status-publish","4":"format-standard","5":"has-post-thumbnail","7":"category-paris","8":"tag-actualites","9":"tag-eu","10":"tag-europe","11":"tag-fr","12":"tag-france","13":"tag-ma-ville","14":"tag-news","15":"tag-paris","16":"tag-republique-francaise","17":"tag-transport-idf-oise"},"share_on_mastodon":{"url":"https:\/\/pubeurope.com\/@fr\/114869624082704914","error":""},"_links":{"self":[{"href":"https:\/\/www.europesays.com\/fr\/wp-json\/wp\/v2\/posts\/254372","targetHints":{"allow":["GET"]}}],"collection":[{"href":"https:\/\/www.europesays.com\/fr\/wp-json\/wp\/v2\/posts"}],"about":[{"href":"https:\/\/www.europesays.com\/fr\/wp-json\/wp\/v2\/types\/post"}],"author":[{"embeddable":true,"href":"https:\/\/www.europesays.com\/fr\/wp-json\/wp\/v2\/users\/2"}],"replies":[{"embeddable":true,"href":"https:\/\/www.europesays.com\/fr\/wp-json\/wp\/v2\/comments?post=254372"}],"version-history":[{"count":0,"href":"https:\/\/www.europesays.com\/fr\/wp-json\/wp\/v2\/posts\/254372\/revisions"}],"wp:featuredmedia":[{"embeddable":true,"href":"https:\/\/www.europesays.com\/fr\/wp-json\/wp\/v2\/media\/254373"}],"wp:attachment":[{"href":"https:\/\/www.europesays.com\/fr\/wp-json\/wp\/v2\/media?parent=254372"}],"wp:term":[{"taxonomy":"category","embeddable":true,"href":"https:\/\/www.europesays.com\/fr\/wp-json\/wp\/v2\/categories?post=254372"},{"taxonomy":"post_tag","embeddable":true,"href":"https:\/\/www.europesays.com\/fr\/wp-json\/wp\/v2\/tags?post=254372"}],"curies":[{"name":"wp","href":"https:\/\/api.w.org\/{rel}","templated":true}]}}