{"id":254374,"date":"2025-07-17T16:55:10","date_gmt":"2025-07-17T16:55:10","guid":{"rendered":"https:\/\/www.europesays.com\/fr\/254374\/"},"modified":"2025-07-17T16:55:10","modified_gmt":"2025-07-17T16:55:10","slug":"la-gare-du-nord-evacuee-apres-une-fuite-de-gaz-plusieurs-lignes-coupees","status":"publish","type":"post","link":"https:\/\/www.europesays.com\/fr\/254374\/","title":{"rendered":"la gare du Nord \u00e9vacu\u00e9e apr\u00e8s une fuite de gaz, plusieurs lignes coup\u00e9es"},"content":{"rendered":"<p>Un p\u00e9rim\u00e8tre de s\u00e9curit\u00e9 a \u00e9t\u00e9 mis en place apr\u00e8s qu\u2019une odeur suspecte a \u00e9t\u00e9 signal\u00e9e \u00e0 la police. Le trafic des lignes desservant la gare est grandement perturb\u00e9.<\/p>\n<p class=\"fig-paragraph\">Les usagers de la\u00a0<a href=\"https:\/\/www.lefigaro.fr\/tag\/gare-du-nord\" target=\"_blank\" rel=\"sponsored noopener nofollow\" data-gtm-custom-categorie=\"navigation\" data-gtm-custom-action=\"crossclick\" data-gtm-custom-label=\"Contextuel\" data-gtm-event=\"customEventSPE\">gare du Nord<\/a>\u00a0ont \u00e9t\u00e9 appel\u00e9s a quitt\u00e9 la zone apr\u00e8s la d\u00e9tection d\u2019une fuite de gaz dans ce secteur de la capitale. La circulation de plusieurs lignes a \u00e9t\u00e9 suspendue ou perturb\u00e9es comme sur la ligne H, o\u00f9 le trafic est interrompu entre la gare du Nord et Aulnay-sous-Bois, dans les deux sens jusqu\u2019\u00e0 18h30. Le compte X de la ligne H indique quant \u00e0 lui une interruption du trafic entre la gare du Nord et Saint-Denis dans les deux sens et jusqu\u2019\u00e0 19h30.<\/p>\n<p class=\"fig-paragraph\">Les trains du RER B ne marquent pas d\u2019arr\u00eat \u00e0 la station Gare du Nord tandis que les acc\u00e8s \u00e0 cette ligne sont \u00e9galement ferm\u00e9s. \u00abLes correspondances dans la station sont impossibles. Cela fait suite \u00e0 un ordre de la pr\u00e9fecture en raison de mesures de s\u00e9curit\u00e9\u00bb, affirme le compte X de la ligne. Les acc\u00e8s aux lignes 4 et 5 du m\u00e9tro sont par ailleurs ferm\u00e9s, a assur\u00e9 la pr\u00e9fecture de police au Parisien.<\/p>\n","protected":false},"excerpt":{"rendered":"Un p\u00e9rim\u00e8tre de s\u00e9curit\u00e9 a \u00e9t\u00e9 mis en place apr\u00e8s qu\u2019une odeur suspecte a \u00e9t\u00e9 signal\u00e9e \u00e0 la&hellip;\n","protected":false},"author":2,"featured_media":254375,"comment_status":"","ping_status":"","sticky":false,"template":"","format":"standard","meta":{"footnotes":""},"categories":[1888],"tags":[11,1777,674,1011,27,7066,14904,843,12,626,25],"class_list":{"0":"post-254374","1":"post","2":"type-post","3":"status-publish","4":"format-standard","5":"has-post-thumbnail","7":"category-paris","8":"tag-actualites","9":"tag-eu","10":"tag-europe","11":"tag-fr","12":"tag-france","13":"tag-fuite","14":"tag-gare-du-nord","15":"tag-gaz","16":"tag-news","17":"tag-paris","18":"tag-republique-francaise"},"share_on_mastodon":{"url":"https:\/\/pubeurope.com\/@fr\/114869627993455423","error":""},"_links":{"self":[{"href":"https:\/\/www.europesays.com\/fr\/wp-json\/wp\/v2\/posts\/254374","targetHints":{"allow":["GET"]}}],"collection":[{"href":"https:\/\/www.europesays.com\/fr\/wp-json\/wp\/v2\/posts"}],"about":[{"href":"https:\/\/www.europesays.com\/fr\/wp-json\/wp\/v2\/types\/post"}],"author":[{"embeddable":true,"href":"https:\/\/www.europesays.com\/fr\/wp-json\/wp\/v2\/users\/2"}],"replies":[{"embeddable":true,"href":"https:\/\/www.europesays.com\/fr\/wp-json\/wp\/v2\/comments?post=254374"}],"version-history":[{"count":0,"href":"https:\/\/www.europesays.com\/fr\/wp-json\/wp\/v2\/posts\/254374\/revisions"}],"wp:featuredmedia":[{"embeddable":true,"href":"https:\/\/www.europesays.com\/fr\/wp-json\/wp\/v2\/media\/254375"}],"wp:attachment":[{"href":"https:\/\/www.europesays.com\/fr\/wp-json\/wp\/v2\/media?parent=254374"}],"wp:term":[{"taxonomy":"category","embeddable":true,"href":"https:\/\/www.europesays.com\/fr\/wp-json\/wp\/v2\/categories?post=254374"},{"taxonomy":"post_tag","embeddable":true,"href":"https:\/\/www.europesays.com\/fr\/wp-json\/wp\/v2\/tags?post=254374"}],"curies":[{"name":"wp","href":"https:\/\/api.w.org\/{rel}","templated":true}]}}