{"id":254376,"date":"2025-07-17T16:56:11","date_gmt":"2025-07-17T16:56:11","guid":{"rendered":"https:\/\/www.europesays.com\/fr\/254376\/"},"modified":"2025-07-17T16:56:11","modified_gmt":"2025-07-17T16:56:11","slug":"en-russie-le-fsb-recupere-la-gestion-de-ses-prisons-la-base-dun-nouveau-goulag","status":"publish","type":"post","link":"https:\/\/www.europesays.com\/fr\/254376\/","title":{"rendered":"En Russie, le FSB r\u00e9cup\u00e8re la gestion de ses prisons, \u201cla base d\u2019un nouveau goulag\u201d"},"content":{"rendered":"\n<p>\u201cAlors que l\u2019arm\u00e9e russe mesure ses succ\u00e8s en Ukraine en m\u00e8tres de territoire conquis, \u00e0 l\u2019int\u00e9rieur du pays, le FSB construit tranquillement mais m\u00e9thodiquement la base d\u2019un nouveau goulag\u201d, <a class=\"ithalc\" data-ithal=\"lien_externe\" data-ithalc=\"[nav_article]\" target=\"_blank\" href=\"https:\/\/agentura.ru\/investigations\/gulag-2-0\/\" rel=\"noopener\">alerte <strong>Agentura<\/strong><\/a><strong>, <\/strong>site sp\u00e9cialis\u00e9 dans les questions de renseignement. Le 16\u00a0juillet, le Conseil de la F\u00e9d\u00e9ration russe a adopt\u00e9 un projet de loi remettant entre les mains du FSB \u2212 les puissants services de s\u00e9curit\u00e9 int\u00e9rieure russes \u2212, la cr\u00e9ation et la gestion de ses propres centres de d\u00e9tention provisoires.<\/p>\n<p><a class=\"ithalc\" data-ithal=\"lien_externe\" data-ithalc=\"[nav_article]\" target=\"_blank\" href=\"https:\/\/www.pnp.ru\/social\/fsb-dali-pravo-sozdavat-sobstvennye-sledstvennye-izolyatory.html\" rel=\"noopener\">Comme l\u2019explique <strong>Parlarmentska\u00efa Gazeta<\/strong><\/a><strong>,<\/strong> le journal du Parlement russe, ces \u00e9tablissements sont r\u00e9serv\u00e9s aux personnes poursuivies pour espionnage, trahison, extr\u00e9misme et terrorisme. Cette nouvelle mesure, qui entrera en vigueur le 1er\u00a0janvier prochain, est pr\u00e9sent\u00e9e par les parlementaires comme une r\u00e9ponse \u00e0 \u201cl\u2019intensification de l\u2019activit\u00e9 des services de renseignement \u00e9trangers\u201d, en particulier apr\u00e8s le d\u00e9but de l\u2019\u201cop\u00e9ration militaire sp\u00e9ciale\u201d \u2212\u00a0\u00e9l\u00e9ment de langage utilis\u00e9 par Moscou pour d\u00e9signer la guerre en Ukraine.<\/p>\n<p>Selon le pr\u00e9sident de la Commission de la Douma (chambre basse du Parlement russe), Vassili Piskarev, centraliser l\u2019ensemble de la cha\u00eene p\u00e9nale sous l\u2019autorit\u00e9 du FSB pour ce qui concerne les faits d\u2019ing\u00e9rence \u00e9trang\u00e8re permettrait de \u201crendre les enqu\u00eates sur les cr<\/p>\n","protected":false},"excerpt":{"rendered":"\u201cAlors que l\u2019arm\u00e9e russe mesure ses succ\u00e8s en Ukraine en m\u00e8tres de territoire conquis, \u00e0 l\u2019int\u00e9rieur du pays,&hellip;\n","protected":false},"author":2,"featured_media":254377,"comment_status":"","ping_status":"","sticky":false,"template":"","format":"standard","meta":{"footnotes":""},"categories":[1591],"tags":[11,4777,674,1887,131,12,899,1885,1886,132,1857],"class_list":{"0":"post-254376","1":"post","2":"type-post","3":"status-publish","4":"format-standard","5":"has-post-thumbnail","7":"category-russie","8":"tag-actualites","9":"tag-espionnage","10":"tag-europe","11":"tag-federation-de-russie","12":"tag-guerre-en-ukraine","13":"tag-news","14":"tag-prisons","15":"tag-russia","16":"tag-russian-federation","17":"tag-russie","18":"tag-sociu00e9tu00e9"},"share_on_mastodon":{"url":"https:\/\/pubeurope.com\/@fr\/114869632118152760","error":""},"_links":{"self":[{"href":"https:\/\/www.europesays.com\/fr\/wp-json\/wp\/v2\/posts\/254376","targetHints":{"allow":["GET"]}}],"collection":[{"href":"https:\/\/www.europesays.com\/fr\/wp-json\/wp\/v2\/posts"}],"about":[{"href":"https:\/\/www.europesays.com\/fr\/wp-json\/wp\/v2\/types\/post"}],"author":[{"embeddable":true,"href":"https:\/\/www.europesays.com\/fr\/wp-json\/wp\/v2\/users\/2"}],"replies":[{"embeddable":true,"href":"https:\/\/www.europesays.com\/fr\/wp-json\/wp\/v2\/comments?post=254376"}],"version-history":[{"count":0,"href":"https:\/\/www.europesays.com\/fr\/wp-json\/wp\/v2\/posts\/254376\/revisions"}],"wp:featuredmedia":[{"embeddable":true,"href":"https:\/\/www.europesays.com\/fr\/wp-json\/wp\/v2\/media\/254377"}],"wp:attachment":[{"href":"https:\/\/www.europesays.com\/fr\/wp-json\/wp\/v2\/media?parent=254376"}],"wp:term":[{"taxonomy":"category","embeddable":true,"href":"https:\/\/www.europesays.com\/fr\/wp-json\/wp\/v2\/categories?post=254376"},{"taxonomy":"post_tag","embeddable":true,"href":"https:\/\/www.europesays.com\/fr\/wp-json\/wp\/v2\/tags?post=254376"}],"curies":[{"name":"wp","href":"https:\/\/api.w.org\/{rel}","templated":true}]}}