{"id":254378,"date":"2025-07-17T16:57:09","date_gmt":"2025-07-17T16:57:09","guid":{"rendered":"https:\/\/www.europesays.com\/fr\/254378\/"},"modified":"2025-07-17T16:57:09","modified_gmt":"2025-07-17T16:57:09","slug":"face-aux-menaces-de-loccident-un-ex-president-russe-suggere-de-lancer-des-frappes-preventives","status":"publish","type":"post","link":"https:\/\/www.europesays.com\/fr\/254378\/","title":{"rendered":"Face aux menaces de l\u2019Occident, un ex-pr\u00e9sident russe sugg\u00e8re de \u00ab\u00a0lancer des frappes pr\u00e9ventives\u00a0\u00bb"},"content":{"rendered":"<p>Vous avez rat\u00e9 les derniers \u00e9v\u00e9nements sur la guerre en Ukraine\u00a0? 20 Minutes fait le point pour vous tous les soirs. Voici l\u2019essentiel de ce jeudi 17\u00a0juillet, 1.240e jour du conflit.<\/p>\n<p>Le fait du jour<\/p>\n<p>La <a href=\"https:\/\/www.20minutes.fr\/monde\/russie\/\" class=\"color-ultramarine c-link\" rel=\"nofollow noopener\" target=\"_blank\">Russie<\/a> a revendiqu\u00e9 ce jeudi la prise de villages situ\u00e9s dans trois r\u00e9gions ukrainiennes, marquant sa pouss\u00e9e sur plusieurs fronts face \u00e0 une arm\u00e9e ukrainienne qui manque d\u2019hommes et d\u2019armes. Le minist\u00e8re russe de la D\u00e9fense a dit que ses forces ont captur\u00e9 les villages de Popiv Iar, qui se trouve dans la r\u00e9gion de <a href=\"https:\/\/www.20minutes.fr\/dossier\/donetsk\" class=\"color-ultramarine c-link\" rel=\"nofollow noopener\" target=\"_blank\">Donetsk<\/a> sur le front est, de Kamyansk\u00e9 (r\u00e9gion de Zaporijjia) sur le front sud, et de Degtyarn\u00e9 (r\u00e9gion de Kharkiv), dans le nord-est du pays.<\/p>\n<p>Par ailleurs, une personne a \u00e9t\u00e9 tu\u00e9e dans la ville de Dnipro et cinq autres ont \u00e9t\u00e9 bless\u00e9es \u00e0 Nikopol, a affirm\u00e9 sur Telegram jeudi matin Sergui\u00ef Lyssak, gouverneur de la r\u00e9gion centrale de Dnipropetrovsk, lors d\u2019une nouvelle attaque nocturne de drones russes. L\u2019arm\u00e9e de l\u2019Air ukrainienne a affirm\u00e9 que la Russie a lanc\u00e9 64 drones dans la nuit de mercredi \u00e0 jeudi, visant principalement la r\u00e9gion de Dnipropetrovsk, dont 41 ont \u00e9t\u00e9 abattus ou d\u00e9sactiv\u00e9s.<\/p>\n<\/p>\n<p>La d\u00e9claration du jour<\/p>\n<blockquote class=\"mx-m@xs mx-xxl@md color-ultramarine c-citation\">\n<p class=\"font-weight-regular@xs text-italic font-source-serif-pro text-l@xs c-citation__content\">\u00ab\u00a0Nous devons agir en cons\u00e9quence. R\u00e9pondre pleinement. Et si n\u00e9cessaire, lancer des frappes pr\u00e9ventives.\u00a0\u00bb<\/p>\n<\/blockquote>\n<p>L\u2019ancien pr\u00e9sident <a href=\"https:\/\/www.20minutes.fr\/monde\/dmitri_medvedev\/\" class=\"color-ultramarine c-link\" rel=\"nofollow noopener\" target=\"_blank\">Dmitri Medvedev<\/a> a point\u00e9 ce jeudi les menaces de l\u2019Occident, insinuant qu\u2019il menait quasiment une guerre contre la Russie. Il a ainsi sugg\u00e9r\u00e9 que <a href=\"https:\/\/www.20minutes.fr\/monde\/moscou\/\" class=\"color-ultramarine c-link\" rel=\"nofollow noopener\" target=\"_blank\">Moscou <\/a>lance des frappes pr\u00e9ventives, si n\u00e9cessaire.<\/p>\n<p>Il accuse l\u2019Occident d\u2019avoir viol\u00e9 l\u2019accord de Potsdam sign\u00e9 il y a quatre-vingts ans. \u00ab\u00a0La r\u00e9vision ou la violation des d\u00e9cisions de la conf\u00e9rence de Potsdam n\u2019\u00e9tait qu\u2019une continuation des politiques occidentales \u00e0 l\u2019\u00e9gard de la Russie d\u2019avant la guerre, voire m\u00eame avant.\u00a0\u00bb Selon Dmitri Medvedev, l\u2019Occident m\u00e8nerait presque une guerre \u00e0 grande \u00e9chelle contre la Russie actuellement.<\/p>\n<p>Le chiffre du jour<\/p>\n<p>1.000. Le nombre de corps de 1.000 soldats ukrainiens tu\u00e9s au front rendus par la Russie. \u00ab\u00a0Dans le cadre des accords conclus \u00e0 Istanbul, 1.000 corps de soldats des forces arm\u00e9es ukrainiennes ont encore \u00e9t\u00e9 remis aujourd\u2019hui \u00e0 l\u2019Ukraine\u00a0\u00bb, a \u00e9crit sur Telegram Vladimir Medinski, chef de la d\u00e9l\u00e9gation russe qui avait \u00e9t\u00e9 envoy\u00e9e \u00e0 ces pourparlers. \u00ab\u00a0Nous avons re\u00e7u les corps de 19 de nos soldats d\u00e9c\u00e9d\u00e9s. Qu\u2019ils reposent en paix sur leur terre natale\u00a0\u00bb, a-t-il ajout\u00e9.<\/p>\n","protected":false},"excerpt":{"rendered":"Vous avez rat\u00e9 les derniers \u00e9v\u00e9nements sur la guerre en Ukraine\u00a0? 20 Minutes fait le point pour vous&hellip;\n","protected":false},"author":2,"featured_media":254379,"comment_status":"","ping_status":"","sticky":false,"template":"","format":"standard","meta":{"footnotes":""},"categories":[1590],"tags":[47,11,1813,39407,16276,29539,564,1777,674,131,74,1916,12,8013,132,2049,220],"class_list":{"0":"post-254378","1":"post","2":"type-post","3":"status-publish","4":"format-standard","5":"has-post-thumbnail","7":"category-ukraine","8":"tag-actualite","9":"tag-actualites","10":"tag-armee","11":"tag-dmitri-medvedev","12":"tag-dnipro","13":"tag-donetsk","14":"tag-drone","15":"tag-eu","16":"tag-europe","17":"tag-guerre-en-ukraine","18":"tag-monde","19":"tag-moscou","20":"tag-news","21":"tag-russe","22":"tag-russie","23":"tag-soldat","24":"tag-ukraine"},"share_on_mastodon":{"url":"https:\/\/pubeurope.com\/@fr\/114869636113998798","error":""},"_links":{"self":[{"href":"https:\/\/www.europesays.com\/fr\/wp-json\/wp\/v2\/posts\/254378","targetHints":{"allow":["GET"]}}],"collection":[{"href":"https:\/\/www.europesays.com\/fr\/wp-json\/wp\/v2\/posts"}],"about":[{"href":"https:\/\/www.europesays.com\/fr\/wp-json\/wp\/v2\/types\/post"}],"author":[{"embeddable":true,"href":"https:\/\/www.europesays.com\/fr\/wp-json\/wp\/v2\/users\/2"}],"replies":[{"embeddable":true,"href":"https:\/\/www.europesays.com\/fr\/wp-json\/wp\/v2\/comments?post=254378"}],"version-history":[{"count":0,"href":"https:\/\/www.europesays.com\/fr\/wp-json\/wp\/v2\/posts\/254378\/revisions"}],"wp:featuredmedia":[{"embeddable":true,"href":"https:\/\/www.europesays.com\/fr\/wp-json\/wp\/v2\/media\/254379"}],"wp:attachment":[{"href":"https:\/\/www.europesays.com\/fr\/wp-json\/wp\/v2\/media?parent=254378"}],"wp:term":[{"taxonomy":"category","embeddable":true,"href":"https:\/\/www.europesays.com\/fr\/wp-json\/wp\/v2\/categories?post=254378"},{"taxonomy":"post_tag","embeddable":true,"href":"https:\/\/www.europesays.com\/fr\/wp-json\/wp\/v2\/tags?post=254378"}],"curies":[{"name":"wp","href":"https:\/\/api.w.org\/{rel}","templated":true}]}}