{"id":254380,"date":"2025-07-17T16:58:14","date_gmt":"2025-07-17T16:58:14","guid":{"rendered":"https:\/\/www.europesays.com\/fr\/254380\/"},"modified":"2025-07-17T16:58:14","modified_gmt":"2025-07-17T16:58:14","slug":"en-france-comme-aux-usa-le-racisme-detat-tue","status":"publish","type":"post","link":"https:\/\/www.europesays.com\/fr\/254380\/","title":{"rendered":"En France comme aux USA : le racisme d&rsquo;\u00c9tat tue"},"content":{"rendered":"<p class=\"has-text-align-center\"><strong>En Californie, un ouvrier agricole d\u00e9c\u00e8de lors d\u2019un raid de la police de l\u2019immigration. Dans le Nord de la France, l\u2019association Utopia porte plainte apr\u00e8s la mort d\u2019un exil\u00e9 syrien pendant un raid de la police<\/strong><\/p>\n<p><img loading=\"lazy\" decoding=\"async\" width=\"1000\" height=\"1000\" data-attachment-id=\"94785\" data-permalink=\"https:\/\/contre-attaque.net\/2025\/07\/17\/en-france-comme-aux-usa-le-racisme-detat-tue\/517647404_1158683009635520_7116743491493358492_n\/\" data-orig-file=\"https:\/\/www.europesays.com\/fr\/wp-content\/uploads\/2025\/07\/517647404_1158683009635520_7116743491493358492_n.jpg\" data-orig-size=\"1000,1000\" data-comments-opened=\"0\" data-image-meta=\"{&quot;aperture&quot;:&quot;0&quot;,&quot;credit&quot;:&quot;&quot;,&quot;camera&quot;:&quot;&quot;,&quot;caption&quot;:&quot;&quot;,&quot;created_timestamp&quot;:&quot;0&quot;,&quot;copyright&quot;:&quot;&quot;,&quot;focal_length&quot;:&quot;0&quot;,&quot;iso&quot;:&quot;0&quot;,&quot;shutter_speed&quot;:&quot;0&quot;,&quot;title&quot;:&quot;&quot;,&quot;orientation&quot;:&quot;0&quot;}\" data-image-title=\"517647404_1158683009635520_7116743491493358492_n\" data-image-description=\"\" data-image-caption=\"\" data-medium-file=\"https:\/\/contre-attaque.net\/wp-content\/uploads\/2025\/07\/517647404_1158683009635520_7116743491493358492_n-300x300.jpg\" data-large-file=\"https:\/\/www.europesays.com\/fr\/wp-content\/uploads\/2025\/07\/517647404_1158683009635520_7116743491493358492_n.jpg\" src=\"https:\/\/www.europesays.com\/fr\/wp-content\/uploads\/2025\/07\/517647404_1158683009635520_7116743491493358492_n.jpg\" alt=\"En Californie, un ouvrier agricole d\u00e9c\u00e8de lors d\u2019un raid de la police de l\u2019immigration. Dans le Nord de la France, l\u2019association Utopia porte plainte apr\u00e8s la mort d\u2019un exil\u00e9 syrien pendant un raid de la police. Le racisme d'\u00c9tat tue.\" class=\"wp-image-94785\"  \/><\/p>\n<p>Samedi 12 juillet dernier, on apprenait la mort de Jaime Alan\u00eds, 57 ans, d\u00e9c\u00e9d\u00e9 des suites d\u2019une chute mortelle de 9 m\u00e8tres de haut en Californie. L\u2019ouvrier agricole d\u2019origine mexicaine travaillait dans une ferme de cannabis \u2013 rappelons que ces derni\u00e8res sont l\u00e9galis\u00e9es dans cet \u00c9tat \u2013 lorsque les cowboys de l\u2019ICE \u2013 United States Immigration and Customs Enforcement \u2013 la police de l\u2019immigration, ont d\u00e9barqu\u00e9 par dizaines, masqu\u00e9s et lourdement arm\u00e9s. Ils ont lanc\u00e9 une chasse \u00e0 l\u2019homme contre les travailleurs immigr\u00e9s.<\/p>\n<p>Les images des personnes pr\u00e9sentes sur place montrent la ferme noy\u00e9e sous les gaz lacrymog\u00e8nes, et les arrestations violentes qui se succ\u00e8dent. Pendant l\u2019op\u00e9ration, Jaime a pu joindre sa famille par t\u00e9l\u00e9phone et lui raconter qu\u2019il se cachait sur une serre, fuyant les agents. C\u2019est alors que la chute a eu lieu. Alan\u00eds travaillait dans cette ferme depuis 10 ans et ramenait le seul salaire de la famille, expliquait sa ni\u00e8ce, Yesenia Duran. \u201cMon oncle Jaime \u00e9tait juste un fermier innocent et travailleur. Sa femme et sa fille l\u2019attendaient.\u201d Il s\u2019agit officiellement du premier mort lors des op\u00e9rations de d\u00e9portation massive de l\u2019administration Trump. Combien suivront ?<\/p>\n<p>Plus de 200 personnes ont \u00e9t\u00e9 arr\u00eat\u00e9es dans les fermes d\u00e9tenues par la soci\u00e9t\u00e9 Glass House Brands lors de ces raids du jeudi 10 juillet. Ces sc\u00e8nes de violence se sont malheureusement reproduites des milliers de fois aux \u00c9tats-Unis ces derni\u00e8res semaines. On a pu voir des vid\u00e9os d\u2019enfants encha\u00een\u00e9s et montant dans des v\u00e9hicules afin d\u2019\u00eatre d\u00e9port\u00e9s. Des vid\u00e9os de mineurs en larmes, suppliant les agents de lib\u00e9rer leurs parents menott\u00e9s devant leurs yeux.<\/p>\n<p>Ces arrestations ne se font pas sans r\u00e9sistance : dans les fermes de Glass House, comme partout en Californie, la population s\u2019\u00e9l\u00e8ve contre ces raids et tente de prot\u00e9ger les siens. D\u00e9but juin, de v\u00e9ritables affrontements avaient lieu entre manifestant-es et forces de l\u2019ordre. <a href=\"https:\/\/contre-attaque.net\/2025\/06\/13\/usa-la-revolte-se-propage-dans-de-nombreuses-villes\/\" target=\"_blank\" rel=\"noopener\">Des quartiers entiers se sont soulev\u00e9s pour emp\u00eacher des d\u00e9portations<\/a>. Dernier exemple en date : des d\u00e9panneurs ont lanc\u00e9 une op\u00e9ration de suivi des v\u00e9hicules de la police de l\u2019immigration, afin de pouvoir immobiliser leurs v\u00e9hicules et les emmener \u00e0 la fourri\u00e8re lorsqu\u2019ils sont mal gar\u00e9s.<\/p>\n<p>Le gouverneur de Californie a d\u00e9clar\u00e9 \u201cinhumaine\u201d cette op\u00e9ration de d\u00e9portation dans la ferme de Glass House. De son c\u00f4t\u00e9, Claudia Sheinbaum, la pr\u00e9sidente du Mexique, a d\u00e9clar\u00e9 \u00e9tudier la possibilit\u00e9 de porter plainte contre ces raids de l\u2019administration Trump suite \u00e0 la mort de Jaime. Le n\u00e9ofasciste Trump a de son c\u00f4t\u00e9 appel\u00e9 les agents de la police de l\u2019immigration \u00abqui seraient victime de jets de pierre, de brique ou de toute autre forme d\u2019agression d\u2019arr\u00eater leur voiture et d\u2019arr\u00eater ces RACLURES, en utilisant tous les moyens n\u00e9cessaires pour y parvenir\u00bb. Tous les moyens n\u00e9cessaires, y compris la mort donc.<\/p>\n<p>Voil\u00e0 o\u00f9 conduit le racisme d\u2019\u00c9tat pouss\u00e9 \u00e0 l\u2019extr\u00eame. Combien se demandent comment le syst\u00e8me concentrationnaire a pu arriver ? Ne vous posez plus la question, vous avez la r\u00e9ponse sous vos yeux.<\/p>\n<p>Et la France est sur la m\u00eame pente glissante. L\u2019association Utopia 56, une association de d\u00e9fense des droits des personnes en situation d\u2019exil et de migration, a d\u00e9clar\u00e9 mardi 8 juillet porter plainte contre X suite \u00e0 la mort de Jumaa al-Hasan, exil\u00e9 syrien de 27 ans mort en mars 2024. <a href=\"https:\/\/disclose.ngo\/fr\/article\/mort-par-noyade-de-jumaa-al-hasan-exile-syrien-la-police-mise-en-cause\" target=\"_blank\" rel=\"noreferrer noopener\">Le m\u00e9dia Disclose a en effet r\u00e9v\u00e9l\u00e9 une enqu\u00eate<\/a>, men\u00e9e conjointement avec Index \u202cet le laboratoire de recherche Liminal, mettant directement en cause la police. Leur enqu\u00eate les a men\u00e9s jusqu\u2019en en Angleterre, o\u00f9 ils ont retrouv\u00e9 des t\u00e9moins de la sc\u00e8ne.<\/p>\n<p>Nous sommes le 2 mars 2024, \u00e0 Gravelines, dans le Nord, plus pr\u00e9cis\u00e9ment sur le canal de l\u2019Aa. Afin d\u2019\u00e9viter la police, un groupe de 30 personnes mettent \u00e0 l\u2019eau une embarcation \u00e0 plusieurs kilom\u00e8tres de la mer. Malheureusement, une patrouille de police les rep\u00e8re et les prend en chasse depuis les berges. Sur les rives \u00e9galement, d\u2019autres personnes tentent d\u2019embarquer sur le canot, dont Jumaa. Mais la police les poursuit, balan\u00e7ant des gaz lacrymog\u00e8nes et matraquant \u00e0 tours de bras.<\/p>\n<p>L\u2019enqu\u00eate montre qu\u2019il ne s\u2019agit pas d\u2019un acte isol\u00e9, puisqu\u2019une vid\u00e9o film\u00e9e quelques semaines plus tard sur ces m\u00eames berges montrent des policiers utilisant les m\u00eames m\u00e9thodes. Si certains arrivent \u00e0 rejoindre l\u2019embarcation Jumaa, lui, est rest\u00e9 \u00e0 l\u2019arri\u00e8re et se trouve toujours sur les berges. Lorsqu\u2019il tente de remonter, la police l\u2019asperge de gaz, alors qu\u2019il ne repr\u00e9sente manifestement aucun danger, et le force \u00e0 faire demi-tour. Il faut avoir soi-m\u00eame d\u00e9j\u00e0 exp\u00e9riment\u00e9 la panique du manque d\u2019oxyg\u00e8ne lorsqu\u2019on se retrouve sous une pluie de lacrymo, pour comprendre que Jumaa ne voit pas d\u2019autres issues que de se jeter \u00e0 l\u2019eau.<\/p>\n<p>Les quatre t\u00e9moins interrog\u00e9s par Disclose sont formels : Jumaa se noie sous leurs yeux, mais aussi sous les yeux des policiers, qui le laissent mourir, malgr\u00e9 les cris des personnes sur le canot appelant \u00e0 l\u2019aide. Ils assurent que les policiers auraient facilement pu le tirer de l\u2019eau, mais ont choisi de le laisser mourir.<\/p>\n<p>Sur le canot, la situation est \u00e9galement difficile, l\u2019embarcation d\u00e9rive, et les pompiers sont appel\u00e9s au secours. Mais eux non plus n\u2019iront pas secourir Jumaa, malgr\u00e9 les appels d\u2019autres personnes alertant de sa disparition. Lorsque Utopia 56 appelle la police le lendemain, cette derni\u00e8re affirme que des drones et cam\u00e9ras thermiques ont survol\u00e9 la zone mais que rien ne s\u2019y trouvait, et que de ce fait il n\u2019y aura pas de recherches pour Juma. Pourtant, son corps est retrouv\u00e9 16 jours plus tard. \u00c0 500 m\u00e8tres de l\u2019endroit o\u00f9 il s\u2019est noy\u00e9.<\/p>\n<p>La justice est saisie \u00e0 la d\u00e9couverte du corps. Mais comme d\u2019habitude, ceux qui sont point\u00e9s du doigt sont les passeurs. L\u2019oncle de Jumaa avait fait le d\u00e9placement depuis l\u2019Angleterre pour retrouver son neveu. Jumaa devait en effet l\u2019y rejoindre. Il souhaitait faire une formation dans le commerce, r\u00e9v\u00e8le encore Disclose. Mais il a fini noy\u00e9 dans un canal du Nord de la France. Et pour quoi ? Qu\u2019est-ce qui pourrait bien justifier la mort d\u2019un jeune homme de 27 ans, qui n\u2019aspirait qu\u2019\u00e0 une vie meilleure ?<\/p>\n<p>Le ministre de l\u2019int\u00e9rieur, lui, ne voit aucun probl\u00e8me. Il salue les forces de l\u2019ordre, \u201cleur courage, leur bravoure, et aussi les vies qu\u2019ils sauvent\u201d, ajoutant \u201ccertes, ce sont des forces de maintien de l\u2019ordre, mais ce maintien de l\u2019ordre aboutit \u00e0 sauver des vies.\u201d Et qu\u2019en est-il de la vie de Jumaa al-Hasan ?<\/p>\n<p>Depuis 2011, au moins 366 personnes sont mortes en tentant de traverser la Manche. 176 entre 2011 et 2020, et 190 entre 2020 et aujourd\u2019hui. On voit donc comme le rythme s\u2019acc\u00e9l\u00e8re. La faute \u00e0 des politiques migratoires toujours plus r\u00e9pressives, qui criminalisent de plus en plus la figure du migrant.<\/p>\n<p>En Espagne ces derniers jours, de v\u00e9ritables pogroms ont eu lieu, <a href=\"https:\/\/contre-attaque.net\/2025\/07\/17\/cnews-qualifie-des-violences-racistes-de-resistance-populaire\/\" target=\"_blank\" rel=\"noopener\">vivement salu\u00e9s par Cnews<\/a>. Depuis le 20 janvier 2025 aux \u00c9tats-Unis, 75.341 personnes ont \u00e9t\u00e9 d\u00e9port\u00e9es, dont 68.790 Mexicain-es, et des milliers d\u2019entre elles et eux meurent sur les routes de l\u2019exil.<\/p>\n<p>En France comme aux \u00c9tats-Unis, les vies des personnes non blanches ne valent rien, en tout cas rien en comparaison de celles d\u2019une personne blanche. En France, comme aux \u00c9tats-Unis, le racisme d\u2019\u00c9tat tue, les fronti\u00e8res tuent, la police tue.<\/p>\n","protected":false},"excerpt":{"rendered":"En Californie, un ouvrier agricole d\u00e9c\u00e8de lors d\u2019un raid de la police de l\u2019immigration. Dans le Nord de&hellip;\n","protected":false},"author":2,"featured_media":254381,"comment_status":"","ping_status":"","sticky":false,"template":"","format":"standard","meta":{"footnotes":""},"categories":[1589],"tags":[11,39472,73,1866,6430,1061,12,10162,12343,1864,1865,1863,308],"class_list":{"0":"post-254380","1":"post","2":"type-post","3":"status-publish","4":"format-standard","5":"has-post-thumbnail","7":"category-etats-unis","8":"tag-actualites","9":"tag-assassinat-policier","10":"tag-etats-unis","11":"tag-etats-unis-damerique","12":"tag-frontieres","13":"tag-immigration","14":"tag-news","15":"tag-racisme","16":"tag-refugees-welcome","17":"tag-united-states","18":"tag-united-states-of-america","19":"tag-us","20":"tag-usa"},"share_on_mastodon":{"url":"https:\/\/pubeurope.com\/@fr\/114869639896705580","error":""},"_links":{"self":[{"href":"https:\/\/www.europesays.com\/fr\/wp-json\/wp\/v2\/posts\/254380","targetHints":{"allow":["GET"]}}],"collection":[{"href":"https:\/\/www.europesays.com\/fr\/wp-json\/wp\/v2\/posts"}],"about":[{"href":"https:\/\/www.europesays.com\/fr\/wp-json\/wp\/v2\/types\/post"}],"author":[{"embeddable":true,"href":"https:\/\/www.europesays.com\/fr\/wp-json\/wp\/v2\/users\/2"}],"replies":[{"embeddable":true,"href":"https:\/\/www.europesays.com\/fr\/wp-json\/wp\/v2\/comments?post=254380"}],"version-history":[{"count":0,"href":"https:\/\/www.europesays.com\/fr\/wp-json\/wp\/v2\/posts\/254380\/revisions"}],"wp:featuredmedia":[{"embeddable":true,"href":"https:\/\/www.europesays.com\/fr\/wp-json\/wp\/v2\/media\/254381"}],"wp:attachment":[{"href":"https:\/\/www.europesays.com\/fr\/wp-json\/wp\/v2\/media?parent=254380"}],"wp:term":[{"taxonomy":"category","embeddable":true,"href":"https:\/\/www.europesays.com\/fr\/wp-json\/wp\/v2\/categories?post=254380"},{"taxonomy":"post_tag","embeddable":true,"href":"https:\/\/www.europesays.com\/fr\/wp-json\/wp\/v2\/tags?post=254380"}],"curies":[{"name":"wp","href":"https:\/\/api.w.org\/{rel}","templated":true}]}}