{"id":254382,"date":"2025-07-17T16:59:15","date_gmt":"2025-07-17T16:59:15","guid":{"rendered":"https:\/\/www.europesays.com\/fr\/254382\/"},"modified":"2025-07-17T16:59:15","modified_gmt":"2025-07-17T16:59:15","slug":"royaume-uni-huit-bebes-sont-nes-grace-a-ladn-de-trois-personnes","status":"publish","type":"post","link":"https:\/\/www.europesays.com\/fr\/254382\/","title":{"rendered":"Royaume-Uni: huit b\u00e9b\u00e9s sont n\u00e9s gr\u00e2ce \u00e0 l\u2019ADN de trois personnes"},"content":{"rendered":"<p>F\u00e9condation in vitro \u2013 <\/p>\n<p>Au Royaume-Uni, des b\u00e9b\u00e9s sont n\u00e9s gr\u00e2ce \u00e0 l\u2019ADN de trois personnes<\/p>\n<p class=\"ContentHead_lead____SsS link_regular__O0hk0 link_externalicon-big__ZdPgo link_externalicon__qcwXs\">Pour la premi\u00e8re fois, des enfants sont n\u00e9s avec l\u2019ADN de trois personnes. Une avanc\u00e9e qui ouvre la voie \u00e0 l\u2019\u00e9radication de maladies g\u00e9n\u00e9tiques.<\/p>\n<p>Publi\u00e9 aujourd\u2019hui \u00e0 18h54<img decoding=\"async\" loading=\"eager\" fetchpriority=\"high\" src=\"https:\/\/www.europesays.com\/fr\/wp-content\/uploads\/2025\/07\/7CtaGffGqBcBjczeEYOJfk.jpg\" alt=\"B\u00e9b\u00e9 pr\u00e9matur\u00e9 soign\u00e9 dans le service de n\u00e9onatologie du CHUV \u00e0 Lausanne, couvert d\u2019une couverture avec un bracelet d\u2019identification.\" title=\"B\u00e9b\u00e9 pr\u00e9matur\u00e9 soign\u00e9 dans le service de n\u00e9onatologie du CHUV \u00e0 Lausanne, couvert d\u2019une couverture avec un bracelet d\u2019identification.\" class=\"ResponsiveImage_root__ZDz10 responsive-image\" style=\"background-color:#527264\"\/><\/p>\n<p>Gr\u00e2ce \u00e0 une technique de FIV l\u00e9galis\u00e9e en 2015 au Royaume-Uni et impliquant l\u2019ADN de trois personnes, des b\u00e9b\u00e9s ont pu na\u00eetre sans h\u00e9riter du mat\u00e9riel g\u00e9n\u00e9tique \u00ab\u00e0 risque\u00bb de leur m\u00e8re.<\/p>\n<p>KEYSTONE<\/p>\n<p>Abonnez-vous d\u00e8s maintenant et profitez de la fonction de lecture audio.<a href=\"https:\/\/bottalk.io\/\" class=\"BottalkPaywall_bottalklink__KDtuf\" target=\"_blank\" rel=\"noreferrer noopener\">BotTalk<\/a><strong class=\"SummaryList_title__8uifR\">En bref:<\/strong><\/p>\n<ul class=\"SummaryList_list__pEa7M\">\n<li>Les m\u00e9decins britanniques c\u00e9l\u00e8brent la naissance de huit b\u00e9b\u00e9s issus de trois ADN.<\/li>\n<li>La technique pr\u00e9vient la transmission g\u00e9n\u00e9tique des maladies mitochondriales graves.<\/li>\n<li>Cette technique n\u2019est pas envisageable en Suisse vu le cadre l\u00e9gal actuel.<\/li>\n<\/ul>\n<p class=\"ArticleParagraph_root__lhFZo ArticleContainer_content-width__FRl7F link_focus__0ZMwx link_externalicon-big__ZdPgo link_externalicon__qcwXs ArticleElement_article-element__q93eL\">Trois personnes pour un seul b\u00e9b\u00e9: l\u2019histoire para\u00eet invraisemblable, mais elle repr\u00e9sente une avanc\u00e9e in\u00e9dite dans la lutte contre les maladies g\u00e9n\u00e9tiques incurables. <a href=\"https:\/\/www.bbc.com\/news\/articles\/cn8179z199vo\" class=\"HtmlText_root__A1OSq\" target=\"_blank\" rel=\"noopener noreferrer\">\u00c0 Newcastle, en Grande-Bretagne<\/a>, une \u00e9quipe de chercheurs a permis la naissance de huit bambins gr\u00e2ce \u00e0 une technique de f\u00e9condation in vitro combinant l\u2019ADN de trois personnes. Cette proc\u00e9dure a \u00e9t\u00e9 autoris\u00e9e au Royaume-Uni en 2015.<\/p>\n<p class=\"ArticleParagraph_root__lhFZo ArticleContainer_content-width__FRl7F link_focus__0ZMwx link_externalicon-big__ZdPgo link_externalicon__qcwXs ArticleElement_article-element__q93eL\">La technique de f\u00e9condation implique: la m\u00e8re, porteuse de \u00abmauvaises\u00bb mutations, le p\u00e8re, et une donneuse d\u2019ovules. Elle consiste \u00e0 f\u00e9conder l\u2019ovule de la m\u00e8re avec le sperme du p\u00e8re, puis \u00e0 transf\u00e9rer le noyau form\u00e9 dans l\u2019ovule sain d\u2019une donneuse. L\u2019enfant h\u00e9rite ainsi du patrimoine g\u00e9n\u00e9tique de ses deux parents \u2013 tout en b\u00e9n\u00e9ficiant des mitochondries saines de la donneuse, ce qui repr\u00e9sente environ 0,1 % de son ADN total.<\/p>\n<p>Une FIV \u00ab\u00e0 trois\u00bb<\/p>\n<p class=\"ArticleParagraph_root__lhFZo ArticleContainer_content-width__FRl7F link_focus__0ZMwx link_externalicon-big__ZdPgo link_externalicon__qcwXs ArticleElement_article-element__q93eL\">Gr\u00e2ce \u00e0 cette FIV \u00ab\u00e0 trois\u00bb, il devient possible de bloquer la transmission des maladies mitochondriales maternelles, des affections h\u00e9r\u00e9ditaires souvent mortelles. Les mitochondries sont en quelque sorte les \u00abcentrales \u00e9nerg\u00e9tiques\u00bb de nos cellules, car elles poss\u00e8dent leur propre ADN. En cons\u00e9quence, si elles sont d\u00e9fectueuses, elles risquent de causer des troubles s\u00e9v\u00e8res en affectant le cerveau, le c\u0153ur ou les muscles. Environ un b\u00e9b\u00e9 sur 5000 est touch\u00e9.<\/p>\n<p class=\"ArticleParagraph_root__lhFZo ArticleContainer_content-width__FRl7F link_focus__0ZMwx link_externalicon-big__ZdPgo link_externalicon__qcwXs ArticleElement_article-element__q93eL\">Les huit enfants n\u00e9s ces six derni\u00e8res ann\u00e9es, quatre gar\u00e7ons et quatre filles, sont tous en bonne sant\u00e9. \u00abApr\u00e8s des ann\u00e9es d&rsquo;incertitude, ce traitement nous a donn\u00e9 de l&rsquo;espoir, puis il nous a donn\u00e9 notre b\u00e9b\u00e9\u00bb, confie une des m\u00e8res <a href=\"https:\/\/www.bbc.com\/news\/articles\/cn8179z199vo\" class=\"HtmlText_root__A1OSq\" target=\"_blank\" rel=\"noopener noreferrer\">\u00e0 la BBC<\/a>.<\/p>\n<p>Possible au Royaume-Uni, pas en Suisse<\/p>\n<p class=\"ArticleParagraph_root__lhFZo ArticleContainer_content-width__FRl7F link_focus__0ZMwx link_externalicon-big__ZdPgo link_externalicon__qcwXs ArticleElement_article-element__q93eL\">Avant de savoir si cette prouesse m\u00e9dicale est un succ\u00e8s, il faudra que les enfants soient suivis de pr\u00e8s durant les prochaines ann\u00e9es. Mais cette avanc\u00e9e scientifique soul\u00e8ve aussi d\u2019importantes questions \u00e9thiques. Le fait de modifier l\u2019ADN des b\u00e9b\u00e9s \u00e0 na\u00eetre interroge et certaines voix craignent que ce soit une porte ouverte vers des enfants au patrimoine g\u00e9n\u00e9tique \u00absur mesure\u00bb.<\/p>\n<p class=\"ArticleParagraph_root__lhFZo ArticleContainer_content-width__FRl7F link_focus__0ZMwx link_externalicon-big__ZdPgo link_externalicon__qcwXs ArticleElement_article-element__q93eL\">Pour l\u2019instant, seule certitude dans ce contexte \u00e9thique complexe: cette technique n\u2019est pas envisageable en Suisse. Le pays adopte en effet une approche conservatrice en mati\u00e8re de procr\u00e9ation m\u00e9dicalement assist\u00e9e, avec des restrictions qui le distinguent de nombreux pays europ\u00e9ens, dont l\u2019interdiction du don d\u2019ovules.<\/p>\n<p class=\"ArticleParagraph_root__lhFZo ArticleContainer_content-width__FRl7F link_focus__0ZMwx link_externalicon-big__ZdPgo link_externalicon__qcwXs ArticleElement_article-element__q93eL\">Mais le cadre l\u00e9gislatif est en cours d\u2019\u00e9volution. <a class=\"HtmlText_root__A1OSq\" href=\"https:\/\/www.tdg.ch\/le-don-dovules-devrait-etre-autorise-en-suisse-994503867454\" target=\"_blank\" rel=\"noopener\">Le parlement a accept\u00e9 en 2022<\/a> un projet visant \u00e0 l\u00e9galiser le don d\u2019ovules, jusqu\u2019ici impossible en Suisse, contrairement aux dons de sperme. Le nouveau texte devrait \u00eatre mis en consultation d\u2019ici \u00e0 2026.<\/p>\n<p class=\"DynamicTeaser_boxtitle__B6piN\">Plus sur les FIV en Suisse<\/p>\n<p>Newsletter<\/p>\n<p>\u00abDerni\u00e8res nouvelles\u00bb<\/p>\n<p>Vous voulez rester au top de l\u2019info? \u00abTribune de Gen\u00e8ve\u00bb vous propose deux rendez-vous par jour, directement dans votre bo\u00eete e-mail. Pour ne rien rater de ce qui se passe dans votre canton, en Suisse ou dans le monde.<\/p>\n<p><a class=\"NewsletterBox_more__FNemz link_underlinelink__K5Zr0\" href=\"https:\/\/www.tdg.ch\/nos-newsletters\" target=\"_blank\" rel=\"noopener\">Autres newsletters<\/a><\/p>\n<p>Se connecter<\/p>\n<p class=\"Feedback_root__fr_Mi ArticleContainer_content-width__FRl7F\">Vous avez trouv\u00e9 une erreur?<a href=\"mailto:tes_correction@tamedia.ch?subject=Avis%20d'erreur%20%7C%20Adriana%20Stimoli%20%7C%20Au%20Royaume-Uni%2C%20des%20b%C3%A9b%C3%A9s%20sont%20n%C3%A9s%20gr%C3%A2ce%20%C3%A0%20l%E2%80%99ADN%20de%20trois%20personnes&amp;body=J'ai%20trouv%C3%A9%20une%20erreur%20dans%20cet%20article%3A%20https%3A%2F%2Fwww.24heures.ch%2Froyaume-uni-huit-bebes-sont-nes-grace-a-ladn-de-trois-personnes-348105223109\" class=\"Feedback_feedbacklink__VyDCi link_underlinelink__K5Zr0\">Merci de nous la signaler.<\/a><\/p>\n<p>0 commentaires<\/p>\n","protected":false},"excerpt":{"rendered":"F\u00e9condation in vitro \u2013 Au Royaume-Uni, des b\u00e9b\u00e9s sont n\u00e9s gr\u00e2ce \u00e0 l\u2019ADN de trois personnes Pour la&hellip;\n","protected":false},"author":2,"featured_media":254383,"comment_status":"","ping_status":"","sticky":false,"template":"","format":"standard","meta":{"footnotes":""},"categories":[1588],"tags":[11,1777,674,12,473,1853,2300,34241,1851,1850,1852],"class_list":{"0":"post-254382","1":"post","2":"type-post","3":"status-publish","4":"format-standard","5":"has-post-thumbnail","7":"category-royaume-uni","8":"tag-actualites","9":"tag-eu","10":"tag-europe","11":"tag-news","12":"tag-royaume-uni","13":"tag-royaume-uni-de-grande-bretagne-et-dirlande-du-nord","14":"tag-stats-seo","15":"tag-stats-seo-trends","16":"tag-uk","17":"tag-united-kingdom","18":"tag-united-kingdom-of-great-britain-and-northern-ireland"},"share_on_mastodon":{"url":"https:\/\/pubeurope.com\/@fr\/114869643987346674","error":""},"_links":{"self":[{"href":"https:\/\/www.europesays.com\/fr\/wp-json\/wp\/v2\/posts\/254382","targetHints":{"allow":["GET"]}}],"collection":[{"href":"https:\/\/www.europesays.com\/fr\/wp-json\/wp\/v2\/posts"}],"about":[{"href":"https:\/\/www.europesays.com\/fr\/wp-json\/wp\/v2\/types\/post"}],"author":[{"embeddable":true,"href":"https:\/\/www.europesays.com\/fr\/wp-json\/wp\/v2\/users\/2"}],"replies":[{"embeddable":true,"href":"https:\/\/www.europesays.com\/fr\/wp-json\/wp\/v2\/comments?post=254382"}],"version-history":[{"count":0,"href":"https:\/\/www.europesays.com\/fr\/wp-json\/wp\/v2\/posts\/254382\/revisions"}],"wp:featuredmedia":[{"embeddable":true,"href":"https:\/\/www.europesays.com\/fr\/wp-json\/wp\/v2\/media\/254383"}],"wp:attachment":[{"href":"https:\/\/www.europesays.com\/fr\/wp-json\/wp\/v2\/media?parent=254382"}],"wp:term":[{"taxonomy":"category","embeddable":true,"href":"https:\/\/www.europesays.com\/fr\/wp-json\/wp\/v2\/categories?post=254382"},{"taxonomy":"post_tag","embeddable":true,"href":"https:\/\/www.europesays.com\/fr\/wp-json\/wp\/v2\/tags?post=254382"}],"curies":[{"name":"wp","href":"https:\/\/api.w.org\/{rel}","templated":true}]}}