{"id":254384,"date":"2025-07-17T17:00:10","date_gmt":"2025-07-17T17:00:10","guid":{"rendered":"https:\/\/www.europesays.com\/fr\/254384\/"},"modified":"2025-07-17T17:00:10","modified_gmt":"2025-07-17T17:00:10","slug":"en-allemagne-friedrich-merz-et-sa-coalition-bien-decides-a-balayer-letat-social","status":"publish","type":"post","link":"https:\/\/www.europesays.com\/fr\/254384\/","title":{"rendered":"En Allemagne, Friedrich Merz et sa coalition bien d\u00e9cid\u00e9s \u00e0 balayer l\u2019\u00c9tat social"},"content":{"rendered":"<p>Dans une longue interview accord\u00e9e ce 16\u00a0juillet au site WEB.DE., Yasmin Fahimi, la pr\u00e9sidente du DGB, s\u2019alarme\u00a0: \u00ab\u00a0Les travailleurs allemands sont confront\u00e9s \u00e0 une offensive en r\u00e8gle du patronat pour \u00e9chapper aux contraintes d\u2019accords tarifaires (conventions collectives, NDLR) \u00e0 l\u2019\u00e9chelle des branches d\u2019activit\u00e9 nationales.\u00a0Cela m\u2019inqui\u00e8te au plus haut point.\u00a0\u00bb Elle d\u00e9nonce un recours accru, \u00ab\u00a0dans le meilleur des cas, \u00e0 des accords maison, entreprise par entreprise.\u00a0\u00bb<\/p>\n<p>\u00ab\u00a0On s\u2019\u00e9loigne ainsi, ajoute la cheffe du DGB, d\u2019une culture du compromis qui a marqu\u00e9 toute la soci\u00e9t\u00e9\u00a0\u00bb. Et en fin de compte \u00ab\u00a0<a href=\"https:\/\/www.humanite.fr\/monde\/allemagne\/en-allemagne-une-vague-de-licenciement-deferle-sur-lindustrie\" rel=\"nofollow noopener\" target=\"_blank\">cela ne fait pas de bien \u00e0 notre \u00e9conomie<\/a>\u00a0\u00bb.\u00a0Le fait que la porte soit ouverte \u00e0 une pr\u00e9carisation de plus en plus marqu\u00e9e du monde du travail \u00ab\u00a0n\u2019est pas une bonne nouvelle\u00a0\u00bb dans une soci\u00e9t\u00e9 o\u00f9 les \u00e9carts de revenus ne cessent de se creuser entre les plus riches et le reste de la soci\u00e9t\u00e9, s\u2019indigne-t-elle. Pourtant du c\u00f4t\u00e9 du patronat comme de la politique \u00ab\u00a0certains veulent toujours davantage de d\u00e9r\u00e9gulations\u00a0\u00bb.<\/p>\n<p>3\u00a0900 personnes d\u00e9tiennent un tiers du PIB<\/p>\n<p>Gr\u00e2ce aux conventions collectives a pu \u00e9merger durant les d\u00e9cennies pass\u00e9es une importante \u00ab\u00a0classe moyenne\u00a0\u00bb dont le niveau de vie a stimul\u00e9 la consommation et \u00ab\u00a0a profit\u00e9 ainsi \u00e0 la conjoncture int\u00e9rieure\u00a0\u00bb. Mais le recul de la couverture des conventions collectives qui concernent d\u00e9sormais moins d\u2019un salari\u00e9 allemand sur deux, p\u00e9nalise in fine l\u2019\u00e9conomie.<\/p>\n<p>Quand plus de 800\u00a0000 travailleurs allemands sont tributaires du versement d\u2019un \u00ab\u00a0B\u00fcrgergeld\u00a0\u00bb (l\u2019\u00e9quivalent du ch\u00f4mage) compl\u00e9mentaire pour survivre, \u00ab\u00a0c\u2019est en fait l\u2019\u00c9tat qui subventionne tout un secteur de bas salaires avec l\u2019argent du contribuable.\u00a0C\u2019est inadmissible\u00a0\u00bb, lance encore la patronne du DGB d\u00e9plorant que de plus en plus de personnes, le plus souvent charg\u00e9es de famille, soient pouss\u00e9es vers des emplois qui ne leur assurent pas les moyens de survivre.<\/p>\n<p>Et les mesures envisag\u00e9es par le pouvoir visant \u00e0 pr\u00e9cariser toujours plus une \u00e9norme frange de salari\u00e9s au pr\u00e9texte de rendre les entreprises plus comp\u00e9titives, ne vont faire qu\u2019aggraver le malaise au sein de la soci\u00e9t\u00e9. Soigner r\u00e9ellement l\u2019\u00e9conomie \u00ab\u00a0ne passe en aucun cas par l\u2019attaque totale de notre \u00c9tat social\u00a0\u00bb, d\u00e9nonce la cheffe du DGB.\u00a0Elle s\u2019insurge que rien ne soit demand\u00e9 \u00e0 ceux qui sont install\u00e9s \u00ab\u00a0tout en haut de l\u2019\u00e9chelle sociale, \u00e0 ces quelque 3\u00a0900 personnes qui disposent de presque un tiers du PIB\u00a0\u00bb, soit le total des richesses annuelles cr\u00e9\u00e9es dans le pays.<\/p>\n<p>Yasmin Fahimi n\u2019attend rien de bon de la convocation par le gouvernement Merz, de commissions charg\u00e9es d\u2019\u00e9laborer les nouveaux contours de l\u2019\u00c9tat social. Interrog\u00e9e sur le sujet elle r\u00e9pond sans h\u00e9siter\u00a0: \u00ab\u00a0Je crains qu\u2019il ne s\u2019agisse que de trouver les moyens de balayer d\u00e9finitivement l\u2019\u00c9tat social.\u00a0\u00bb<\/p>\n<p><strong>Oui, on s\u2019en doute\u00a0: vous en avez assez<\/strong><\/p>\n<p>Voir ces messages d\u2019appel au don, \u00e7a peut \u00eatre p\u00e9nible. Nous le savons. Et on doit bien vous avouer que nous pr\u00e9f\u00e8rerions ne pas avoir \u00e0 les \u00e9crire\u2026<\/p>\n<p>Mais voil\u00e0\u00a0: c\u2019est crucial pour l\u2019Humanit\u00e9. Si ce titre existe toujours aujourd\u2019hui, c\u2019est gr\u00e2ce au financement r\u00e9gulier de nos lectrices et lecteurs.<\/p>\n<ul class=\"wp-block-list\">\n<li>C\u2019est gr\u00e2ce \u00e0 votre soutien que nous pouvons exercer notre m\u00e9tier avec passion. Nous ne d\u00e9pendons ni des int\u00e9r\u00eats d\u2019un propri\u00e9taire milliardaire, ni de pressions politiques : <strong>personne ne nous dicte ce que nous devons dire ou taire<\/strong>.<\/li>\n<\/ul>\n<ul class=\"wp-block-list\">\n<li>Votre engagement nous lib\u00e8re aussi de la course aux clics et \u00e0 l\u2019audience. <strong>Plut\u00f4t que de chercher \u00e0 capter l\u2019attention \u00e0 tout prix, nous choisissons de traiter les sujets que notre r\u00e9daction juge essentiels<\/strong>\u00a0: parce qu\u2019ils m\u00e9ritent d\u2019\u00eatre lus, compris, partag\u00e9s. Parce que nous estimons qu\u2019ils vous seront utiles<\/li>\n<\/ul>\n<p>\u00c0 l\u2019heure actuelle, <strong>moins d\u2019un quart des lectrices et lecteurs<\/strong> qui viennent plus de 3\u00a0fois sur le site par semaine nous aident \u00e0 financer notre travail, par leur abonnement ou par leurs dons. Si vous voulez prot\u00e9ger le journalisme ind\u00e9pendant, <strong>s\u2019il vous pla\u00eet, rejoignez-les<\/strong>.<\/p>\n","protected":false},"excerpt":{"rendered":"Dans une longue interview accord\u00e9e ce 16\u00a0juillet au site WEB.DE., Yasmin Fahimi, la pr\u00e9sidente du DGB, s\u2019alarme\u00a0: \u00ab\u00a0Les&hellip;\n","protected":false},"author":2,"featured_media":254385,"comment_status":"","ping_status":"","sticky":false,"template":"","format":"standard","meta":{"footnotes":""},"categories":[1587],"tags":[11,672,1804,1805,1803,1777,674,1801,12,1802,3427],"class_list":{"0":"post-254384","1":"post","2":"type-post","3":"status-publish","4":"format-standard","5":"has-post-thumbnail","7":"category-allemagne","8":"tag-actualites","9":"tag-allemagne","10":"tag-bundesrepublik-deutschland","11":"tag-de","12":"tag-deutschland","13":"tag-eu","14":"tag-europe","15":"tag-germany","16":"tag-news","17":"tag-republique-federale-dallemagne","18":"tag-syndicats"},"share_on_mastodon":{"url":"https:\/\/pubeurope.com\/@fr\/114869647734011408","error":""},"_links":{"self":[{"href":"https:\/\/www.europesays.com\/fr\/wp-json\/wp\/v2\/posts\/254384","targetHints":{"allow":["GET"]}}],"collection":[{"href":"https:\/\/www.europesays.com\/fr\/wp-json\/wp\/v2\/posts"}],"about":[{"href":"https:\/\/www.europesays.com\/fr\/wp-json\/wp\/v2\/types\/post"}],"author":[{"embeddable":true,"href":"https:\/\/www.europesays.com\/fr\/wp-json\/wp\/v2\/users\/2"}],"replies":[{"embeddable":true,"href":"https:\/\/www.europesays.com\/fr\/wp-json\/wp\/v2\/comments?post=254384"}],"version-history":[{"count":0,"href":"https:\/\/www.europesays.com\/fr\/wp-json\/wp\/v2\/posts\/254384\/revisions"}],"wp:featuredmedia":[{"embeddable":true,"href":"https:\/\/www.europesays.com\/fr\/wp-json\/wp\/v2\/media\/254385"}],"wp:attachment":[{"href":"https:\/\/www.europesays.com\/fr\/wp-json\/wp\/v2\/media?parent=254384"}],"wp:term":[{"taxonomy":"category","embeddable":true,"href":"https:\/\/www.europesays.com\/fr\/wp-json\/wp\/v2\/categories?post=254384"},{"taxonomy":"post_tag","embeddable":true,"href":"https:\/\/www.europesays.com\/fr\/wp-json\/wp\/v2\/tags?post=254384"}],"curies":[{"name":"wp","href":"https:\/\/api.w.org\/{rel}","templated":true}]}}