{"id":254394,"date":"2025-07-17T17:06:09","date_gmt":"2025-07-17T17:06:09","guid":{"rendered":"https:\/\/www.europesays.com\/fr\/254394\/"},"modified":"2025-07-17T17:06:09","modified_gmt":"2025-07-17T17:06:09","slug":"adrien-saddier-saccroche-martin-couvra-dans-le-dur-au-british-open-lequipe","status":"publish","type":"post","link":"https:\/\/www.europesays.com\/fr\/254394\/","title":{"rendered":"Adrien Saddier s&#039;accroche, Martin Couvra dans le dur au British Open &#8211; L&#039;\u00c9quipe"},"content":{"rendered":"<ol>\n<li><a href=\"https:\/\/news.google.com\/rss\/articles\/CBMitAFBVV95cUxNSm44aFhSYXZ0RUZaVHlYNVJOMDFSaDc4ODY0Z085dVZsVmROUmVCem56MURjcmo4QWpzUENib25VQWFmX3BfQkZMTGR1MVNtQnVQQUFlQ1Z3bko4UWZUbDMwVDhOa3RmbHRjbkw2Y0hYUjJsYW9CM0xKYWRJd3hWaEVRakxLN0dGVC04TGppVHAyVmNKNUI5SVZJZVF1dFBlWE05aXpQSEdXVUVBVUVNUUlfWmY?oc=5\" target=\"_blank\" rel=\"nofollow noopener\">Adrien Saddier s&rsquo;accroche, Martin Couvra dans le dur au British Open<\/a>&nbsp;&nbsp;L&rsquo;\u00c9quipe<\/li>\n<li><a href=\"https:\/\/news.google.com\/rss\/articles\/CBMixwFBVV95cUxPQ3pNVi1UQUwtcjNrSlVuUVcxdXpwY0M2YXpsODNRWVdiZTUtUWt1X3hoVlQ4QWhUWFpvczJLSXBkRG1qT2RIU2ZzeVN6aFNKdzd0VFZWOXhaY1BzRHpydVY2OWlEaEN0SXl0cFFoWUI5MmlOdHd5UklNaDJYRjVxdktENGZ0VEJKRnJVTFlNMm03VjhWS3pIaEoyazh4LVdMSm4xTHZyRS1pX2RnbFhDbWUydXpZWm1HSHBHeWtkZkpjaWdQWDRJ?oc=5\" target=\"_blank\" rel=\"nofollow noopener\">\u00ab Martin apprend tr\u00e8s vite \u00bb : Couvra, une pr\u00e9cocit\u00e9 in\u00e9dite dans le golf tricolore mais qui ne surprend personne<\/a>&nbsp;&nbsp;L&rsquo;\u00c9quipe<\/li>\n<li><a href=\"https:\/\/news.google.com\/rss\/articles\/CBMiuAFBVV95cUxQNFBoSTBpNk5KYlFDTmt4djM2WUl6UTh4cVRkMzZuU3FYdnowekhYenV0aG4tcDVveVMzazNBbThMNzdwcVBLT1ZyNnlLempOS2hGWmpuZlpLcUpFb2NyalJUMExVaUhkdVNHUFBLMHg2VmNKTFUxZTJZdXZrTWY5ZjJyeHlBd2JiN0pISm1YWTdtZWRiNDJZWEpvdVhIa1I4OUdaQzdmVERDWGJHQktNZ3pYWHd2RXE3?oc=5\" target=\"_blank\" rel=\"nofollow noopener\">Martin Couvra : \u00ab C\u2019est ouf, c\u2019est irr\u00e9el ! \u00bb<\/a>&nbsp;&nbsp;Golf Plan\u00e8te<\/li>\n<li><a href=\"https:\/\/news.google.com\/rss\/articles\/CBMimgJBVV95cUxOQnZRT1liUVp3Y1U0djJpdGd0UnpMRHdaVGJVaVhWdmI3VDBiRmxTMjJBRkFVZlpOUzVyY1F5b1NRZGdoNkt4cVQ5SDgtZGpEUGNRNl8zVGdvdjgzc1VfVlJBVU5xbzNrbjlIMDcwdzJfQk5zQ0R3TDFySGw5c1hTcThKa0lqdkQwbldfMGx1YV9DYzhiWjI4UVlqN01DRjN5YkF5REd6VkR3YXdOQk04c3RDa1hnNWhyejJCazVPYndubDZ1aW5iX3AzdFlsbWR5ZHZacDBLZXgwYmdsSDhRVTBxMDlkZXhnOFNhTG9OczVLTkxpOW45SG5RUThYVDFrWmNhcWNRSTNaQ1hEanVvWDlDODZwYzBJZ2c?oc=5\" target=\"_blank\" rel=\"nofollow noopener\">\u00ab Je me sens tellement bien dans ce monde professionnel \u00bb : le Fran\u00e7ais Martin Couvra confie son bonheur avant ses d\u00e9buts en Grand Chelem \u00e0 The Open<\/a>&nbsp;&nbsp;L&rsquo;\u00c9quipe<\/li>\n<li><a href=\"https:\/\/news.google.com\/rss\/articles\/CBMisAFBVV95cUxOc0tSN09mQWV0eGtnOHZkUEwzdkdnQkxkbzRBSDFpcVZKWEJfb0xKMEdXMXVZNEZrZHpkd1BZTk84NUpCdzhENDNaNlY1MHJTT1NlNEdEbUZKcXZDUE95dDcxdkswVHdyUHEyUnZzdFNDVjAya2hDT2h0Z0ROSENMRmtZNEpGRFBUUm1sYjFfQUwzNkQxNjYzaDVkQzJpVW8xU0FSY2tuOGdFZGg1X3RQdw?oc=5\" target=\"_blank\" rel=\"nofollow noopener\">Adrien Saddier prend le meilleur d\u00e9part du premier trio bleu \u00e0 Portrush<\/a>&nbsp;&nbsp;Golf Plan\u00e8te<\/li>\n<\/ol>\n","protected":false},"excerpt":{"rendered":"Adrien Saddier s&rsquo;accroche, Martin Couvra dans le dur au British Open&nbsp;&nbsp;L&rsquo;\u00c9quipe \u00ab Martin apprend tr\u00e8s vite \u00bb :&hellip;\n","protected":false},"author":2,"featured_media":254395,"comment_status":"","ping_status":"","sticky":false,"template":"","format":"standard","meta":{"footnotes":""},"categories":[1418],"tags":[1011,27,1472,60],"class_list":{"0":"post-254394","1":"post","2":"type-post","3":"status-publish","4":"format-standard","5":"has-post-thumbnail","7":"category-golf","8":"tag-fr","9":"tag-france","10":"tag-golf","11":"tag-sports"},"share_on_mastodon":{"url":"https:\/\/pubeurope.com\/@fr\/114869671199738151","error":""},"_links":{"self":[{"href":"https:\/\/www.europesays.com\/fr\/wp-json\/wp\/v2\/posts\/254394","targetHints":{"allow":["GET"]}}],"collection":[{"href":"https:\/\/www.europesays.com\/fr\/wp-json\/wp\/v2\/posts"}],"about":[{"href":"https:\/\/www.europesays.com\/fr\/wp-json\/wp\/v2\/types\/post"}],"author":[{"embeddable":true,"href":"https:\/\/www.europesays.com\/fr\/wp-json\/wp\/v2\/users\/2"}],"replies":[{"embeddable":true,"href":"https:\/\/www.europesays.com\/fr\/wp-json\/wp\/v2\/comments?post=254394"}],"version-history":[{"count":0,"href":"https:\/\/www.europesays.com\/fr\/wp-json\/wp\/v2\/posts\/254394\/revisions"}],"wp:featuredmedia":[{"embeddable":true,"href":"https:\/\/www.europesays.com\/fr\/wp-json\/wp\/v2\/media\/254395"}],"wp:attachment":[{"href":"https:\/\/www.europesays.com\/fr\/wp-json\/wp\/v2\/media?parent=254394"}],"wp:term":[{"taxonomy":"category","embeddable":true,"href":"https:\/\/www.europesays.com\/fr\/wp-json\/wp\/v2\/categories?post=254394"},{"taxonomy":"post_tag","embeddable":true,"href":"https:\/\/www.europesays.com\/fr\/wp-json\/wp\/v2\/tags?post=254394"}],"curies":[{"name":"wp","href":"https:\/\/api.w.org\/{rel}","templated":true}]}}