{"id":254398,"date":"2025-07-17T17:09:09","date_gmt":"2025-07-17T17:09:09","guid":{"rendered":"https:\/\/www.europesays.com\/fr\/254398\/"},"modified":"2025-07-17T17:09:09","modified_gmt":"2025-07-17T17:09:09","slug":"atp-ivan-ljubicic-ex-coach-de-federer-sil-y-a-un-joueur-actuel-qui-me-rappelle-roger-cest-bien-lui","status":"publish","type":"post","link":"https:\/\/www.europesays.com\/fr\/254398\/","title":{"rendered":"ATP > Ivan Ljubicic, ex-coach de Federer : \u00ab\u00a0S&rsquo;il y a un joueur actuel qui me rappelle Roger, c&rsquo;est bien lui\u00a0\u00bb"},"content":{"rendered":"<p>Apr\u00e8s avoir <a href=\"https:\/\/www.welovetennis.fr\/atp\/ivan-ljubicic-recadre-john-mcenroe-cest-absurde-de-dire-que-rafael-nadal-naurait-eu-aucune-chance-contre-carlos-alcaraz-et-jannik-sinner\" data-wpel-link=\"internal\" rel=\"nofollow noopener\" target=\"_blank\">recadr\u00e9 John McEnroe<\/a> et \u00e9voqu\u00e9 <a href=\"https:\/\/www.welovetennis.fr\/atp\/ivan-ljubicic-sur-la-possibilite-dentrainer-sinner-jai-un-travail-a-la-federation-francaise-mais-quand-un-joueur-comme-jannik-frappe-a-la-porte-il-faut-au-moins-y-reflechir\" data-wpel-link=\"internal\" rel=\"nofollow noopener\" target=\"_blank\">la possi\u00adbi\u00adlit\u00e9 d\u2019en\u00adtra\u00eener un jour Jannik Sinner<\/a>, Ivan Ljubicic, qui a entra\u00een\u00e9 Roger Federer de 2016 \u00e0 2022, a compar\u00e9 le jeu du Suisse \u00e0 celui de Carlos Alcaraz. Et le Croate voit des similitudes.\u00a0<\/p>\n<p><strong>\u00ab\u202fAbsolument. Ils poss\u00e8dent ce style de jeu o\u00f9 l\u2019on ne sait jamais ce qui va arriver. Et comme Roger, il cherche toujours le coup gagnant, toujours cr\u00e9atif. Il y a beau\u00adcoup de diff\u00e9\u00adrences, mais si un joueur me rappelle Roger, c\u2019est bien Alcaraz. Roger \u00e9tait plus effi\u00adcace. Le spec\u00adtacle \u00e9tait le fruit du jeu de Carlos alors que Roger ne recher\u00adchait pas consciem\u00adment le spec\u00adtacle. Avec Alcaraz, j\u2019ai parfois l\u2019im\u00adpres\u00adsion qu\u2019il veut juste s\u2019amuser, pour lui\u2010m\u00eame, mais aussi pour le public.\u202f\u00bb<\/strong><\/p>\n<p class=\"post-published-date\" style=\"color: silver; font-size: 75%; text-align: left;\">Publi\u00e9 le jeudi 17 juillet 2025 \u00e0 17:52<\/p>\n","protected":false},"excerpt":{"rendered":"Apr\u00e8s avoir recadr\u00e9 John McEnroe et \u00e9voqu\u00e9 la possi\u00adbi\u00adlit\u00e9 d\u2019en\u00adtra\u00eener un jour Jannik Sinner, Ivan Ljubicic, qui a&hellip;\n","protected":false},"author":2,"featured_media":254399,"comment_status":"","ping_status":"","sticky":false,"template":"","format":"standard","meta":{"footnotes":""},"categories":[1415],"tags":[1744,2199,1011,27,2127,60,1467],"class_list":{"0":"post-254398","1":"post","2":"type-post","3":"status-publish","4":"format-standard","5":"has-post-thumbnail","7":"category-tennis","8":"tag-alcaraz","9":"tag-federer","10":"tag-fr","11":"tag-france","12":"tag-sinner","13":"tag-sports","14":"tag-tennis"},"share_on_mastodon":{"url":"https:\/\/pubeurope.com\/@fr\/114869683018550586","error":""},"_links":{"self":[{"href":"https:\/\/www.europesays.com\/fr\/wp-json\/wp\/v2\/posts\/254398","targetHints":{"allow":["GET"]}}],"collection":[{"href":"https:\/\/www.europesays.com\/fr\/wp-json\/wp\/v2\/posts"}],"about":[{"href":"https:\/\/www.europesays.com\/fr\/wp-json\/wp\/v2\/types\/post"}],"author":[{"embeddable":true,"href":"https:\/\/www.europesays.com\/fr\/wp-json\/wp\/v2\/users\/2"}],"replies":[{"embeddable":true,"href":"https:\/\/www.europesays.com\/fr\/wp-json\/wp\/v2\/comments?post=254398"}],"version-history":[{"count":0,"href":"https:\/\/www.europesays.com\/fr\/wp-json\/wp\/v2\/posts\/254398\/revisions"}],"wp:featuredmedia":[{"embeddable":true,"href":"https:\/\/www.europesays.com\/fr\/wp-json\/wp\/v2\/media\/254399"}],"wp:attachment":[{"href":"https:\/\/www.europesays.com\/fr\/wp-json\/wp\/v2\/media?parent=254398"}],"wp:term":[{"taxonomy":"category","embeddable":true,"href":"https:\/\/www.europesays.com\/fr\/wp-json\/wp\/v2\/categories?post=254398"},{"taxonomy":"post_tag","embeddable":true,"href":"https:\/\/www.europesays.com\/fr\/wp-json\/wp\/v2\/tags?post=254398"}],"curies":[{"name":"wp","href":"https:\/\/api.w.org\/{rel}","templated":true}]}}