{"id":254408,"date":"2025-07-17T17:15:11","date_gmt":"2025-07-17T17:15:11","guid":{"rendered":"https:\/\/www.europesays.com\/fr\/254408\/"},"modified":"2025-07-17T17:15:11","modified_gmt":"2025-07-17T17:15:11","slug":"machine-gun-kelly-est-ravi-pour-son-ami-pete-davidson-qui-sera-bientot-papa-zinedine-zidane-a-fond-sur-zaho","status":"publish","type":"post","link":"https:\/\/www.europesays.com\/fr\/254408\/","title":{"rendered":"Machine Gun Kelly est ravi pour son ami Pete Davidson qui sera bient\u00f4t papa\u2026 Zinedine Zidane \u00e0 fond sur Zaho\u2026"},"content":{"rendered":"<p>17\u00a0juillet 2025<\/p>\n<p>Ren\u00e9-Charles, le fils de C\u00e9line Dion, se distingue au poker<\/p>\n<p>Le Main Event des World Series of Poker, le championnat du monde de poker organis\u00e9 \u00e0 Los Angeles, avait \u00e0 sa table un participant de choix\u00a0: <a href=\"https:\/\/www.20minutes.fr\/people\/2090743-20170620-rene-charles-fils-celine-dion-rappe-lors-concert-maman\" rel=\"nofollow noopener\" target=\"_blank\" class=\"color-ultramarine c-link\">Ren\u00e9-Charles Ang\u00e9lil<\/a>. Le fils de C\u00e9line Dion n\u2019a pas d\u00e9m\u00e9rit\u00e9 puisque le 10\u00a0juillet dernier, il a termin\u00e9 123e sur plus de 9.000 joueurs, empochant la coquette somme de 70.000 dollars, soit environ 60.000 euros.<\/p>\n<p>\u00ab\u00a0C\u2019est fou, \u00e7a semble vraiment irr\u00e9el\u00a0\u00bb, a <a href=\"https:\/\/www.instagram.com\/reel\/DL-yj5IBSQA\" rel=\"nofollow noopener\" target=\"_blank\" class=\"color-ultramarine c-link\">comment\u00e9<\/a> pour la World Series of Poker le fils de la star. Le jeune homme de 24 ans a ensuite <a href=\"https:\/\/www.youtube.com\/shorts\/QmVIbh994oE\" rel=\"nofollow noopener\" target=\"_blank\" class=\"color-ultramarine c-link\">pr\u00e9cis\u00e9<\/a> dans Poker News qu\u2019il avait appris le poker avec son p\u00e8re, le regrett\u00e9 producteur <a href=\"https:\/\/www.20minutes.fr\/culture\/1766455-20160114-mort-rene-angelil-impresario-celine-dion-6-moments-cles\" rel=\"nofollow noopener\" target=\"_blank\" class=\"color-ultramarine c-link\">Ren\u00e9 Ang\u00e9lil<\/a>, d\u00e8s ses 5 ans. \u00ab\u00a0Ma m\u00e8re n\u2019est pas tellement int\u00e9ress\u00e9e par le poker [\u2026] Elle appr\u00e9cie l\u2019aspect strat\u00e9gique du jeu. Mais elle n\u2019est pas du genre \u00e0 traverser la ville pour assister\u00a0\u00bb \u00e0 une partie, a-t-il ajout\u00e9.<\/p>\n<p>Machine Gun Kelly ravi pour son ami Pete Davidson qui va \u00eatre papa<\/p>\n<p>Zinedine Zidane se l\u00e2che sur une chanson de Zaho<\/p>\n<p>L\u2019ancien <a href=\"https:\/\/www.20minutes.fr\/sport\/jo_2024\/4103253-20240726-jo-2024-zinedine-zidane-vedette-tout-debut-ceremonie-attendant-fin\" rel=\"nofollow noopener\" target=\"_blank\" class=\"color-ultramarine c-link\">footballeur<\/a> est zinzin de Zaho\u2026 autant de Z que de plaisir manifeste lors de la rencontre entre le sportif et la chanteuse lors de l\u2019anniversaire de la victoire historique des Bleus \u00e0 la Coupe du monde de\u00a01998.<\/p>\n<p>Dans un complexe sportif d\u2019Aix-en-Provence, plusieurs champions ont r\u00e9pondu pr\u00e9sents tels que Fabien Barthez, Lilian Thuram, Emmanuel Petit, Christian Karembeu, Christophe Dugarry ou encore Laurent Blanc. Mais quand <a href=\"https:\/\/www.20minutes.fr\/culture\/1688331-20150916-legende-roi-arthur-comment-rappeuse-zaho-transformee-fee\" rel=\"nofollow noopener\" target=\"_blank\" class=\"color-ultramarine c-link\">Zaho<\/a> a entonn\u00e9 sa chanson Tourner la page, Zizou a laiss\u00e9 d\u00e9border sa joie, reprenant par c\u0153ur les paroles, doigt point\u00e9 vers le ciel, m\u00eame si certains passages ont fait penser \u00e0 un certain Jacques Chirac mimant de ses l\u00e8vres de fa\u00e7on approximative les noms des champions \u00e0 l\u2019\u00e9poque. \u00ab\u00a0Il y a des rencontres qui nous marquent \u00e0 vie, celle-ci restera \u00e0 jamais grav\u00e9e dans ma m\u00e9moire. Merci pour ces moments magiques\u00a0!\u00a0\u00bb, s\u2019est <a href=\"https:\/\/www.instagram.com\/p\/DMDoZ8MttXE\/?img_index=1\" rel=\"nofollow noopener\" target=\"_blank\" class=\"color-ultramarine c-link\">r\u00e9jouie<\/a> la chanteuse sur Instagram, qui a aussi partag\u00e9 avec fiert\u00e9 la vid\u00e9o de ce moment.<\/p>\n<p><script async src=\"\/\/www.instagram.com\/embed.js\"><\/script><\/p>\n","protected":false},"excerpt":{"rendered":"17\u00a0juillet 2025 Ren\u00e9-Charles, le fils de C\u00e9line Dion, se distingue au poker Le Main Event des World Series&hellip;\n","protected":false},"author":2,"featured_media":254409,"comment_status":"","ping_status":"","sticky":false,"template":"","format":"standard","meta":{"footnotes":""},"categories":[1359],"tags":[2207,7043,58,59,2702,1011,27,2440,973,8449,133,24863],"class_list":{"0":"post-254408","1":"post","2":"type-post","3":"status-publish","4":"format-standard","5":"has-post-thumbnail","7":"category-people","8":"tag-bleus","9":"tag-celine-dion","10":"tag-divertissement","11":"tag-entertainment","12":"tag-fil-des-stars","13":"tag-fr","14":"tag-france","15":"tag-instagram","16":"tag-people","17":"tag-rene-angelil","18":"tag-video","19":"tag-zinedine-zidane"},"share_on_mastodon":{"url":"https:\/\/pubeurope.com\/@fr\/114869706628019866","error":""},"_links":{"self":[{"href":"https:\/\/www.europesays.com\/fr\/wp-json\/wp\/v2\/posts\/254408","targetHints":{"allow":["GET"]}}],"collection":[{"href":"https:\/\/www.europesays.com\/fr\/wp-json\/wp\/v2\/posts"}],"about":[{"href":"https:\/\/www.europesays.com\/fr\/wp-json\/wp\/v2\/types\/post"}],"author":[{"embeddable":true,"href":"https:\/\/www.europesays.com\/fr\/wp-json\/wp\/v2\/users\/2"}],"replies":[{"embeddable":true,"href":"https:\/\/www.europesays.com\/fr\/wp-json\/wp\/v2\/comments?post=254408"}],"version-history":[{"count":0,"href":"https:\/\/www.europesays.com\/fr\/wp-json\/wp\/v2\/posts\/254408\/revisions"}],"wp:featuredmedia":[{"embeddable":true,"href":"https:\/\/www.europesays.com\/fr\/wp-json\/wp\/v2\/media\/254409"}],"wp:attachment":[{"href":"https:\/\/www.europesays.com\/fr\/wp-json\/wp\/v2\/media?parent=254408"}],"wp:term":[{"taxonomy":"category","embeddable":true,"href":"https:\/\/www.europesays.com\/fr\/wp-json\/wp\/v2\/categories?post=254408"},{"taxonomy":"post_tag","embeddable":true,"href":"https:\/\/www.europesays.com\/fr\/wp-json\/wp\/v2\/tags?post=254408"}],"curies":[{"name":"wp","href":"https:\/\/api.w.org\/{rel}","templated":true}]}}