{"id":254410,"date":"2025-07-17T17:16:11","date_gmt":"2025-07-17T17:16:11","guid":{"rendered":"https:\/\/www.europesays.com\/fr\/254410\/"},"modified":"2025-07-17T17:16:11","modified_gmt":"2025-07-17T17:16:11","slug":"suite-de-la-polemique-sur-la-statue-jeanne-darc-a-nice-la-justice-donne-finalement-raison-a-la-regie-parcs-dazur","status":"publish","type":"post","link":"https:\/\/www.europesays.com\/fr\/254410\/","title":{"rendered":"Suite de la pol\u00e9mique sur la statue Jeanne d&rsquo;Arc \u00e0 Nice, la justice donne finalement raison \u00e0 la R\u00e9gie Parcs d&rsquo;Azur"},"content":{"rendered":"<p>La cour d\u2019appel de Marseille valide ce jeudi 17 juillet 2025 l\u2019achat controvers\u00e9 de la statue de Jeanne d\u2019Arc \u00e0 Nice. Elle reconna\u00eet une irr\u00e9gularit\u00e9 dans la proc\u00e9dure, mais rejette l\u2019annulation du contrat. La r\u00e9gie Parcs d\u2019Azur et la M\u00e9tropole conservent donc l\u2019\u0153uvre.<\/p>\n<p>Install\u00e9e \u00e0 l\u2019entr\u00e9e du parking Jeanne d\u2019Arc, la statue monumentale en bronze dor\u00e9 va rester en place. La cour administrative d\u2019appel de Marseille vient de trancher\u00a0: l\u2019achat de l\u2019\u0153uvre par la r\u00e9gie Parcs d\u2019Azur ne sera pas annul\u00e9, malgr\u00e9 l\u2019absence de mise en concurrence.\u00a0Cette d\u00e9cision intervient apr\u00e8s une enqu\u00eate pour favoritisme, en janvier,\u00a0<a class=\"IciLink ici-link IciArticleLink g-ici-body-regular-1 underline brand svelte-lu7k6w\" href=\"https:\/\/www.francebleu.fr\/infos\/faits-divers-justice\/statue-de-jeanne-d-arc-a-nice-l-affaire-rebondit-sur-le-plan-penal-8906796\" rel=\"nofollow noopener\" target=\"_blank\">une perquisition avait \u00e9t\u00e9 men\u00e9e au si\u00e8ge de la r\u00e9gie Parcs d\u2019Azur<\/a>. L\u2019affaire avait \u00e9t\u00e9 lanc\u00e9e apr\u00e8s un signalement d\u2019un \u00e9lu \u00e9cologiste d\u2019opposition.<\/p>\n<p>Une irr\u00e9gularit\u00e9, sans volont\u00e9 de favoritisme<\/p>\n<p>En janvier, le tribunal administratif de Nice avait annul\u00e9 le contrat, estimant que le march\u00e9 pass\u00e9 avec l\u2019Atelier Missor, un collectif d\u2019artistes ni\u00e7ois, pour un montant de 170.000 euros, violait les r\u00e8gles de la commande publique. Mais la cour d\u2019appel consid\u00e8re que cette erreur est li\u00e9e \u00e0 une mauvaise interpr\u00e9tation du droit, et non \u00e0 une volont\u00e9 de favoriser l\u2019atelier. Elle annule donc le jugement et valide le contrat.<\/p>\n<p>Pas de preuve d\u2019un artiste unique<\/p>\n<p>Pour \u00e9carter la mise en concurrence, la r\u00e9gie aurait d\u00fb prouver que seul l\u2019Atelier Missor pouvait r\u00e9pondre techniquement et artistiquement \u00e0 la commande. Ce n\u2019\u00e9tait pas le cas, selon la cour. L\u2019erreur est donc confirm\u00e9e, mais jug\u00e9e non intentionnelle.<\/p>\n<p>Christian Estrosi salue une \u00ab\u00a0mobilisation collective\u00a0\u00bb<\/p>\n<p>Dans un communiqu\u00e9, Christian Estrosi se dit \u00ab\u00a0satisfait\u00a0\u00bb de cette d\u00e9cision de justice, qui \u00ab\u00a0reconna\u00eet la l\u00e9gitimit\u00e9 et la r\u00e9gularit\u00e9 d\u2019un projet port\u00e9 avec conviction\u00a0\u00bb. Le maire de Nice salue \u00ab\u00a0les valeurs de courage, de foi et d\u2019unit\u00e9\u00a0\u00bb incarn\u00e9es par Jeanne d\u2019Arc.<\/p>\n<p>Le pr\u00e9fet prend acte, un pourvoi \u00e0 l\u2019\u00e9tude<\/p>\n<p>De son c\u00f4t\u00e9, le pr\u00e9fet des Alpes-Maritimes prend acte de l\u2019arr\u00eat rendu par la cour administrative d\u2019appel. Il rappelle que cette d\u00e9cision confirme bien la position de l\u2019\u00c9tat\u00a0: la r\u00e9gie Parcs d\u2019Azur ne pouvait passer ce march\u00e9 sans publicit\u00e9 ni mise en concurrence. Mais la cour a jug\u00e9 que ce vice n\u2019\u00e9tait pas d\u2019une gravit\u00e9 suffisante pour entra\u00eener l\u2019annulation du contrat. <strong>Un pourvoi en cassation devant le Conseil d\u2019\u00c9tat est actuellement \u00e0 l\u2019\u00e9tude.<\/strong><\/p>\n","protected":false},"excerpt":{"rendered":"La cour d\u2019appel de Marseille valide ce jeudi 17 juillet 2025 l\u2019achat controvers\u00e9 de la statue de Jeanne&hellip;\n","protected":false},"author":2,"featured_media":254411,"comment_status":"","ping_status":"","sticky":false,"template":"","format":"standard","meta":{"footnotes":""},"categories":[1358],"tags":[1348,1384,1385,1386,58,59,1011,27],"class_list":{"0":"post-254410","1":"post","2":"type-post","3":"status-publish","4":"format-standard","5":"has-post-thumbnail","7":"category-arts-et-design","8":"tag-arts","9":"tag-arts-and-design","10":"tag-arts-et-design","11":"tag-design","12":"tag-divertissement","13":"tag-entertainment","14":"tag-fr","15":"tag-france"},"share_on_mastodon":{"url":"https:\/\/pubeurope.com\/@fr\/114869710551011090","error":""},"_links":{"self":[{"href":"https:\/\/www.europesays.com\/fr\/wp-json\/wp\/v2\/posts\/254410","targetHints":{"allow":["GET"]}}],"collection":[{"href":"https:\/\/www.europesays.com\/fr\/wp-json\/wp\/v2\/posts"}],"about":[{"href":"https:\/\/www.europesays.com\/fr\/wp-json\/wp\/v2\/types\/post"}],"author":[{"embeddable":true,"href":"https:\/\/www.europesays.com\/fr\/wp-json\/wp\/v2\/users\/2"}],"replies":[{"embeddable":true,"href":"https:\/\/www.europesays.com\/fr\/wp-json\/wp\/v2\/comments?post=254410"}],"version-history":[{"count":0,"href":"https:\/\/www.europesays.com\/fr\/wp-json\/wp\/v2\/posts\/254410\/revisions"}],"wp:featuredmedia":[{"embeddable":true,"href":"https:\/\/www.europesays.com\/fr\/wp-json\/wp\/v2\/media\/254411"}],"wp:attachment":[{"href":"https:\/\/www.europesays.com\/fr\/wp-json\/wp\/v2\/media?parent=254410"}],"wp:term":[{"taxonomy":"category","embeddable":true,"href":"https:\/\/www.europesays.com\/fr\/wp-json\/wp\/v2\/categories?post=254410"},{"taxonomy":"post_tag","embeddable":true,"href":"https:\/\/www.europesays.com\/fr\/wp-json\/wp\/v2\/tags?post=254410"}],"curies":[{"name":"wp","href":"https:\/\/api.w.org\/{rel}","templated":true}]}}