{"id":254420,"date":"2025-07-17T17:21:10","date_gmt":"2025-07-17T17:21:10","guid":{"rendered":"https:\/\/www.europesays.com\/fr\/254420\/"},"modified":"2025-07-17T17:21:10","modified_gmt":"2025-07-17T17:21:10","slug":"les-dermatologues-alertent-sur-les-derives-du-depistage-par-ia","status":"publish","type":"post","link":"https:\/\/www.europesays.com\/fr\/254420\/","title":{"rendered":"les dermatologues alertent sur \u00ab\u00a0les d\u00e9rives\u00a0\u00bb du d\u00e9pistage par IA"},"content":{"rendered":"<p>                             Par Le Figaro avec AFP<\/p>\n<p>                Le 17 juillet 2025 \u00e0 17h06<\/p>\n<p>    Les d\u00e9pistages sans supervision m\u00e9dicale peuvent exposer les patients \u00e0 de graves risques.<br \/>\n                dream@do \/ stock.adobe.com<\/p>\n<p>Hors de tout cadre m\u00e9dical, des dispositifs reposant sur l\u2019intelligence artificielle sont propos\u00e9s en libre-service dans des centres commerciaux, des gares ou sur des applications. Une \u00ab\u00a0d\u00e9rive pr\u00e9occupante\u00a0\u00bb, pour les experts.<\/p>\n<p class=\"fig-paragraph\">Les experts r\u00e9clament \u00ab\u00a0une r\u00e9gulation imm\u00e9diate\u00a0\u00bb\u00a0face \u00e0 un ph\u00e9nom\u00e8ne en expansion: en pharmacies, dans des centres commerciaux ou via des applications, des\u00a0<a href=\"https:\/\/sante.lefigaro.fr\/mieux-etre\/vaccination-depistage\/depistage-cancer-peau\/comment-se-deroule-lexamen\" target=\"_blank\" data-fig-type=\"Keyword\" rel=\"sponsored noopener\" data-gtm-custom-categorie=\"navigation\" data-gtm-custom-action=\"crossclick\" data-gtm-custom-label=\"Contextuel\" data-gtm-event=\"customEventSPE\" data-fig-domain=\"SANTE\">d\u00e9pistages de cancers de la peau<\/a>\u00a0\u00ab\u00a0sont propos\u00e9s (&#8230;) sans supervision dermatologique ni validation scientifique\u00a0\u00bb, s\u2019inqui\u00e8te la Soci\u00e9t\u00e9 Fran\u00e7aise de Dermatologie (SFD) dans un communiqu\u00e9 publi\u00e9 jeudi. La SFD alerte notamment sur l\u2019utilisation de l&rsquo;intelligence artificielle hors de tout cadre m\u00e9dical dans le d\u00e9pistage des cancers cutan\u00e9s, et d\u00e9nonce \u00ab\u00a0des d\u00e9rives pr\u00e9occupantes\u00a0\u00bb.<\/p>\n<p class=\"fig-paragraph\">\u00ab\u00a0Le probl\u00e8me, c&rsquo;est la multiplication d&rsquo;outils de d\u00e9pistage de cancers\u00a0\u00bb dont \u00ab\u00a0on ne sait pas exactement comment ils sont g\u00e9r\u00e9s\u00a0\u00bb, explique \u00e0 l&rsquo;AFP le Pr Saskia Oro, pr\u00e9sidente de la SFD. Ces dispositifs se pr\u00e9sentent comme des cabines, proches de celles utilis\u00e9es pour des t\u00e9l\u00e9consultations, mais parfois en libre-service.<\/p>\n<p>                                    <a class=\"fig-a11y-skip a11y-hidden\" href=\"#fig-a11y-skip-main-inarticle\"><br \/>\n        Passer la publicit\u00e9<br \/>\n    <\/a><\/p>\n<p class=\"fig-paragraph\">Or selon le regroupement de dermatologues, ces d\u00e9pistages sans supervision peuvent exposer les patients \u00e0 \u00ab\u00a0de graves risques\u00a0\u00bb\u00a0: diagnostics erron\u00e9s, sentiment de fausse s\u00e9curit\u00e9, anxi\u00e9t\u00e9 inutile en cas de diagnostic sans l\u2019accompagnement d\u2019un professionnel de sant\u00e9&#8230;<\/p>\n<p>\u00ab\u00a0Raisonnement clinique\u00a0\u00bb<\/p>\n<p class=\"fig-paragraph\">\u00ab\u00a0Ce ne sont pas du tout des solutions qui vont permettre de fluidifier le parcours du patient, bien au contraire\u00a0\u00bb, affirme le Pr Soro, sur fond de p\u00e9nurie nationale de dermatologues. Face \u00e0 l&rsquo;essor rapide de l&rsquo;intelligence artificielle, la SFD appelle \u00e0 un \u00ab\u00a0encadrement \u00e9thique et rigoureux\u00a0\u00bb, qui passe par l&rsquo;int\u00e9gration de toute solution num\u00e9rique \u00ab\u00a0dans un r\u00e9seau territorial impliquant des dermatologues\u00a0\u00bb et l&rsquo;\u00e9valuation \u00ab\u00a0de mani\u00e8re ind\u00e9pendante\u00a0\u00bb de tous les dispositifs num\u00e9riques existants. \u00ab\u00a0Le juste soin dermatologique repose sur un raisonnement clinique, un parcours coordonn\u00e9 et un usage raisonn\u00e9 de la technologie\u00a0\u00bb, insiste la SFD.<\/p>\n<p class=\"fig-paragraph\">D\u00e9but juillet, la soci\u00e9t\u00e9 savante avait d\u00e9j\u00e0 d\u00e9nonc\u00e9 l&rsquo;impact sur la sant\u00e9, en particulier des plus jeunes, des fausses informations en dermatologie propag\u00e9es en ligne. \u00ab\u00a0De fausses promesses de soins, des discours pseudo-scientifiques, des pratiques d&rsquo;autom\u00e9dications dangereuses\u00a0: la dermatologie est l&rsquo;une des disciplines les plus cibl\u00e9es par la d\u00e9sinformation sur les r\u00e9seaux sociaux\u00a0\u00bb, plaidait-elle. \u00ab\u00a0De nombreuses fausses informations circulent sur les maladies de la peau, leur cause, leur contagiosit\u00e9 ou leur prise en charge, avec un rejet des traitements m\u00e9dicamenteux au profit de solutions naturelles\u00a0\u00bb, ajoute le Pr Soro. \u00ab\u00a0Il est urgent que les pouvoirs publics prennent pleinement la mesure de l&rsquo;impact des r\u00e9seaux sociaux sur la sant\u00e9 de la peau\u00a0\u00bb, insiste la SFD.<\/p>\n","protected":false},"excerpt":{"rendered":"Par Le Figaro avec AFP Le 17 juillet 2025 \u00e0 17h06 Les d\u00e9pistages sans supervision m\u00e9dicale peuvent exposer&hellip;\n","protected":false},"author":2,"featured_media":254421,"comment_status":"","ping_status":"","sticky":false,"template":"","format":"standard","meta":{"footnotes":""},"categories":[10],"tags":[39473,1011,27,72,223,71],"class_list":{"0":"post-254420","1":"post","2":"type-post","3":"status-publish","4":"format-standard","5":"has-post-thumbnail","7":"category-sante","8":"tag-depistage-du-cancer-de-la-peau","9":"tag-fr","10":"tag-france","11":"tag-health","12":"tag-intelligence-artificielle","13":"tag-sante"},"share_on_mastodon":{"url":"https:\/\/pubeurope.com\/@fr\/114869730289977474","error":""},"_links":{"self":[{"href":"https:\/\/www.europesays.com\/fr\/wp-json\/wp\/v2\/posts\/254420","targetHints":{"allow":["GET"]}}],"collection":[{"href":"https:\/\/www.europesays.com\/fr\/wp-json\/wp\/v2\/posts"}],"about":[{"href":"https:\/\/www.europesays.com\/fr\/wp-json\/wp\/v2\/types\/post"}],"author":[{"embeddable":true,"href":"https:\/\/www.europesays.com\/fr\/wp-json\/wp\/v2\/users\/2"}],"replies":[{"embeddable":true,"href":"https:\/\/www.europesays.com\/fr\/wp-json\/wp\/v2\/comments?post=254420"}],"version-history":[{"count":0,"href":"https:\/\/www.europesays.com\/fr\/wp-json\/wp\/v2\/posts\/254420\/revisions"}],"wp:featuredmedia":[{"embeddable":true,"href":"https:\/\/www.europesays.com\/fr\/wp-json\/wp\/v2\/media\/254421"}],"wp:attachment":[{"href":"https:\/\/www.europesays.com\/fr\/wp-json\/wp\/v2\/media?parent=254420"}],"wp:term":[{"taxonomy":"category","embeddable":true,"href":"https:\/\/www.europesays.com\/fr\/wp-json\/wp\/v2\/categories?post=254420"},{"taxonomy":"post_tag","embeddable":true,"href":"https:\/\/www.europesays.com\/fr\/wp-json\/wp\/v2\/tags?post=254420"}],"curies":[{"name":"wp","href":"https:\/\/api.w.org\/{rel}","templated":true}]}}