{"id":254428,"date":"2025-07-17T17:25:10","date_gmt":"2025-07-17T17:25:10","guid":{"rendered":"https:\/\/www.europesays.com\/fr\/254428\/"},"modified":"2025-07-17T17:25:10","modified_gmt":"2025-07-17T17:25:10","slug":"stephane-maquaire-succede-a-henri-giscard-destaing-a-la-tete-du-club-med","status":"publish","type":"post","link":"https:\/\/www.europesays.com\/fr\/254428\/","title":{"rendered":"St\u00e9phane Maquaire succ\u00e8de \u00e0 Henri Giscard\u00a0d\u2019Estaing \u00e0 la t\u00eate du Club Med"},"content":{"rendered":"<p>Cet ancien patron de Monoprix vient de d\u00e9missionner du groupe Carrefour. Il en dirigeait la branche sud-am\u00e9ricaine.<\/p>\n<p class=\"fig-paragraph\">C\u2019est bien un outsider qui s\u2019appr\u00eate \u00e0 succ\u00e9der \u00e0 Henri Giscard\u00a0d\u2019Estaing \u00e0 la t\u00eate du Club Med. Pr\u00e9sident depuis 23 ans de ce fleuron fran\u00e7ais du tourisme, celui-ci a annonc\u00e9 mercredi\u00a0<a href=\"http:\/\/www.lefigaro.fr\/societes\/en-conflit-avec-son-actionnaire-chinois-henri-giscard-d-estaing-president-du-club-med-depuis-2002-claque-la-porte-20250716\" data-fig-type=\"NewsFlash\" data-gtm-custom-categorie=\"navigation\" data-gtm-custom-action=\"crossclick\" data-gtm-custom-label=\"Contextuel\" data-gtm-event=\"customEventSPE\" data-fig-domain=\"LEFIGARO\" rel=\"nofollow noopener\" target=\"_blank\">son d\u00e9part imm\u00e9diat, actant sa \u00abr\u00e9vocation de fait\u00bb<\/a>\u00a0par le conglom\u00e9rat chinois Fosun, son unique actionnaire. Comme l\u2019a r\u00e9v\u00e9l\u00e9\u00a0<a href=\"https:\/\/www.lalettre.fr\/fr\/entreprises_comex-et-ca\/2025\/07\/17\/stephane-maquaire-prend-les-renes-du-club-med,110480655-art\" target=\"_blank\" rel=\"sponsored noopener nofollow\" data-gtm-custom-categorie=\"navigation\" data-gtm-custom-action=\"crossclick\" data-gtm-custom-label=\"Contextuel\" data-gtm-event=\"customEventSPE\">La Lettre<\/a>, la direction de Fosun a choisi, parmi les deux candidats finalistes, tous ext\u00e9rieurs au groupe, St\u00e9phane Maquaire. Apr\u00e8s cinq ans pass\u00e9s en Argentine et au Br\u00e9sil, o\u00f9 il dirigeait la branche sud-am\u00e9ricaine de Carrefour, cet ing\u00e9nieur des Ponts et Chauss\u00e9es de 51 ans a donn\u00e9 sa d\u00e9mission il y a quelques semaines.<\/p>\n<p class=\"fig-paragraph\">S\u2019il conna\u00eet bien le Br\u00e9sil, un march\u00e9 important pour le Club Med, le futur PDG du groupe, qui devrait prendre ses fonctions courant septembre, n\u2019a en revanche aucune exp\u00e9rience professionnelle du tourisme. Form\u00e9 \u00e0 l\u2019audit chez Arthur Andersen, il a fait l\u2019essentiel de sa carri\u00e8re dans la grande distribution, notamment chez Monoprix, dont il a \u00e9t\u00e9 directeur g\u00e9n\u00e9ral\u2026<\/p>\n<p class=\"fig-premium-paywall__infos\">\n        Cet article est r\u00e9serv\u00e9 aux abonn\u00e9s.        Il vous reste 39% \u00e0 d\u00e9couvrir.\n    <\/p>\n<p>                <img  data- alt=\"Le Figaro\" class=\"fig-img--complete fig-img\"\/><\/p>\n<p class=\"fig-premium-paywall__title\">Vous avez envie de lire la suite ?<\/p>\n<p class=\"fig-premium-paywall__subtitle\">D\u00e9bloquez tous les articles imm\u00e9diatement.<\/p>\n<p class=\"fig-premium-paywall__connect\">\n                D\u00e9j\u00e0 abonn\u00e9\u00a0?                <a class=\"fig-premium-paywall__connect-link\" href=\"https:\/\/connect.lefigaro.fr\/login?client=horizon_web&amp;type=main&amp;redirect_uri=https%3A%2F%2Fwww.lefigaro.fr%2Fsocietes%2Fstephane-maquaire-succede-a-henri-giscard-d-estaing-a-la-tete-du-club-med-20250717\" data-js-gtm=\"{&quot;customCategorie&quot;: &quot;conversion&quot;, &quot;customAction&quot;: &quot;before_Landing_Connexion_paywall_auto&quot;, &quot;customLabel&quot;: &quot;bGVmaWdhcm8uZnJfXzFmMDYzMGMxLWEwZWQtNjExOC1iZWMxLWE1MDI1MWQwNTIyZV9fTmV3c0ZsYXNo_St\u00e9phane Maquaire succ\u00e8de \u00e0 Henri Giscard\u00a0d\u2019Estaing \u00e0 la t\u00eate du Club Med_364&quot;, &quot;customIDSPE&quot;: &quot;bGVmaWdhcm8uZnJfXzFmMDYzMGMxLWEwZWQtNjExOC1iZWMxLWE1MDI1MWQwNTIyZV9fTmV3c0ZsYXNo&quot;, &quot;event&quot;: &quot;customEventSPE&quot;}\" rel=\"nofollow noopener\" target=\"_blank\"><br \/>\n                    Connectez-vous<br \/>\n                <\/a>\n            <\/p>\n","protected":false},"excerpt":{"rendered":"Cet ancien patron de Monoprix vient de d\u00e9missionner du groupe Carrefour. Il en dirigeait la branche sud-am\u00e9ricaine. C\u2019est&hellip;\n","protected":false},"author":2,"featured_media":254429,"comment_status":"","ping_status":"","sticky":false,"template":"","format":"standard","meta":{"footnotes":""},"categories":[6],"tags":[35,3096,33,34,1011,27],"class_list":{"0":"post-254428","1":"post","2":"type-post","3":"status-publish","4":"format-standard","5":"has-post-thumbnail","7":"category-economie","8":"tag-business","9":"tag-club-med","10":"tag-economie","11":"tag-economy","12":"tag-fr","13":"tag-france"},"share_on_mastodon":{"url":"https:\/\/pubeurope.com\/@fr\/114869746059285982","error":""},"_links":{"self":[{"href":"https:\/\/www.europesays.com\/fr\/wp-json\/wp\/v2\/posts\/254428","targetHints":{"allow":["GET"]}}],"collection":[{"href":"https:\/\/www.europesays.com\/fr\/wp-json\/wp\/v2\/posts"}],"about":[{"href":"https:\/\/www.europesays.com\/fr\/wp-json\/wp\/v2\/types\/post"}],"author":[{"embeddable":true,"href":"https:\/\/www.europesays.com\/fr\/wp-json\/wp\/v2\/users\/2"}],"replies":[{"embeddable":true,"href":"https:\/\/www.europesays.com\/fr\/wp-json\/wp\/v2\/comments?post=254428"}],"version-history":[{"count":0,"href":"https:\/\/www.europesays.com\/fr\/wp-json\/wp\/v2\/posts\/254428\/revisions"}],"wp:featuredmedia":[{"embeddable":true,"href":"https:\/\/www.europesays.com\/fr\/wp-json\/wp\/v2\/media\/254429"}],"wp:attachment":[{"href":"https:\/\/www.europesays.com\/fr\/wp-json\/wp\/v2\/media?parent=254428"}],"wp:term":[{"taxonomy":"category","embeddable":true,"href":"https:\/\/www.europesays.com\/fr\/wp-json\/wp\/v2\/categories?post=254428"},{"taxonomy":"post_tag","embeddable":true,"href":"https:\/\/www.europesays.com\/fr\/wp-json\/wp\/v2\/tags?post=254428"}],"curies":[{"name":"wp","href":"https:\/\/api.w.org\/{rel}","templated":true}]}}