{"id":254433,"date":"2025-07-17T17:28:10","date_gmt":"2025-07-17T17:28:10","guid":{"rendered":"https:\/\/www.europesays.com\/fr\/254433\/"},"modified":"2025-07-17T17:28:10","modified_gmt":"2025-07-17T17:28:10","slug":"une-horreur-mise-sur-la-table-par-le-gouvernement-selon-la-cfdt-liberation","status":"publish","type":"post","link":"https:\/\/www.europesays.com\/fr\/254433\/","title":{"rendered":"une \u00abhorreur\u00bb mise sur la table par le gouvernement, selon la CFDT \u2013 Lib\u00e9ration"},"content":{"rendered":"<p class=\"sc-ksZaOG ehjQrN text-element\">Au milieu du <a href=\"https:\/\/www.liberation.fr\/economie\/budget-de-francois-bayrou-gel-des-depenses-suppression-de-jours-feries-petits-colis-taxes-ce-quil-faut-retenir-du-discours-20250715_VYW2B62EYVHQPEIUS7RX7B5BKM\/\" target=\"_blank\" rel=\"noreferrer nofollow noopener\" title=\"https:\/\/www.liberation.fr\/economie\/budget-de-francois-bayrou-gel-des-depenses-suppression-de-jours-feries-petits-colis-taxes-ce-quil-faut-retenir-du-discours-20250715_VYW2B62EYVHQPEIUS7RX7B5BKM\/\">raz-de-mar\u00e9e de mesures aust\u00e9ritaires<\/a> lanc\u00e9 par Fran\u00e7ois Bayrou mardi, une nouvelle id\u00e9e pour \u00abremettre la France au travail\u00bb s\u2019est gliss\u00e9e subrepticement : la possibilit\u00e9 pour les salari\u00e9s de mon\u00e9tiser leur cinqui\u00e8me semaine de cong\u00e9s pay\u00e9s. En clair, travailler davantage, contre r\u00e9mun\u00e9ration.<\/p>\n<p class=\"sc-ksZaOG ehjQrN text-element\">Dans la pr\u00e9sentation de son plan pour le projet de budget 2026, le Premier ministre <a href=\"https:\/\/www.liberation.fr\/politique\/francois-bayrou-un-pere-la-rigueur-qui-prend-la-pose-austeritaire-en-solitaire-20250716_JMMXZ54BDFEGDP7PKO3RYA2RA4\/\" target=\"_blank\" rel=\"noreferrer nofollow noopener\" title=\"https:\/\/www.liberation.fr\/politique\/francois-bayrou-un-pere-la-rigueur-qui-prend-la-pose-austeritaire-en-solitaire-20250716_JMMXZ54BDFEGDP7PKO3RYA2RA4\/\">dans sa posture de \u00abp\u00e8re la rigueur\u00bb<\/a> a annonc\u00e9 qu\u2019il allait proposer aux partenaires sociaux d\u2019ouvrir des n\u00e9gociations sur l\u2019assurance ch\u00f4mage, mais aussi sur le droit du travail. Lors de la m\u00eame conf\u00e9rence de presse, la ministre du Travail, Astrid Panosyan-Bouvet, a ensuite pr\u00e9cis\u00e9 que \u00abla possibilit\u00e9 de mon\u00e9tiser la cinqui\u00e8me semaine de cong\u00e9s pay\u00e9s\u00bb ferait partie des pistes qui seraient soumises \u00e0 la discussion. Cette derni\u00e8re doit \u00eatre encadr\u00e9e par un document d\u2019orientation du gouvernement. <\/p>\n<p class=\"sc-ksZaOG ehjQrN text-element\">Ce jeudi 17 juillet, la ministre a pr\u00e9cis\u00e9 sur les r\u00e9seaux sociaux que cette proposition \u00e9tait \u00abun droit nouveau\u00bb, qui \u00abresterait \u00e0 la main de chaque salari\u00e9\u00bb et qui serait soumise aux partenaires sociaux. Ce n\u2019est \u00ababsolument pas une mesure ou une d\u00e9cision unilat\u00e9rale du gouvernement, dont les param\u00e8tres sont fix\u00e9s \u00e0 l\u2019avance\u00bb, a-t-elle insist\u00e9. <\/p>\n<p class=\"sc-ksZaOG ehjQrN text-element\">Ce ballon d\u2019essai semble toutefois loin d\u2019atterrir, \u00e0 l\u2019heure actuelle. Et il s\u00e8me un peu de trouble dans la communication gouvernementale. Interrog\u00e9 par la presse lors d\u2019un d\u00e9placement \u00e0 Metz ce jeudi 17 juillet au matin, le ministre de l\u2019Economie et des Finances, Eric Lombard, a bott\u00e9 en touche, en assurant ne pas avoir \u00abvu\u00bb cette mesure \u00abdans nos propositions\u00bb. \u00abOn prend les id\u00e9es, mais celle-l\u00e0, je ne l\u2019ai pas vue\u00bb, a-t-il ajout\u00e9.<\/p>\n<p class=\"sc-ksZaOG ehjQrN text-element\">En d\u00e9but d\u2019apr\u00e8s-midi, son minist\u00e8re a ensuite pr\u00e9cis\u00e9 qu\u2019Eric Lombard avait r\u00e9pondu \u00e0 une question \u00abqui portait largement confusion\u00bb, car cette proposition ne rel\u00e8ve pas du budget 2026. Mais elle sera bien \u00abdiscut\u00e9e avec les partenaires sociaux, dans le cadre du plan travail\u00bb. De fait, l\u2019avenir d\u2019une telle mesure d\u00e9pend de ce qu\u2019en feront ou non les organisations syndicales et patronales si des discussions d\u00e9marrent bien cet automne.<\/p>\n<p class=\"sc-ksZaOG ehjQrN text-element\">Reste que cette \u00e9ventuelle mon\u00e9tisation de la cinqui\u00e8me semaine de cong\u00e9s pay\u00e9s <a href=\"https:\/\/www.liberation.fr\/politique\/au-lendemain-de-son-plan-a-44-milliards-lapre-jour-dapres-de-francois-bayrou-20250716_NSPWPLQ6HNHFZA7RVWPAGQIPFM\/\" target=\"_blank\" rel=\"noreferrer nofollow noopener\" title=\"https:\/\/www.liberation.fr\/politique\/au-lendemain-de-son-plan-a-44-milliards-lapre-jour-dapres-de-francois-bayrou-20250716_NSPWPLQ6HNHFZA7RVWPAGQIPFM\/\">ajoute \u00e0 la col\u00e8re<\/a> des syndicats de salari\u00e9s. Cela fait partie \u00abdu mus\u00e9e des horreurs\u00bb des id\u00e9es du gouvernement, a fustig\u00e9 ce jeudi la leader de la CFDT, Marylise L\u00e9on sur France Inter. \u00abAujourd\u2019hui, le sujet num\u00e9ro un, c\u2019est la question effectivement du pouvoir d\u2019achat, mais ce n\u2019est pas aux salari\u00e9s eux-m\u00eames de se payer un peu plus de marge de man\u0153uvre pour boucler les fins de mois en rognant sur leurs cong\u00e9s\u00bb, a -t-elle ajout\u00e9.<\/p>\n<p class=\"sc-ksZaOG ehjQrN text-element\">\u00abLe monde du travail ne peut pas admettre des mesures profond\u00e9ment injustes et des efforts absolument pas partag\u00e9s\u00bb, a-t-elle pr\u00e9venu. Quant \u00e0 <a href=\"https:\/\/www.liberation.fr\/economie\/social\/francois-bayrou-veut-une-nouvelle-reforme-de-lassurance-chomage-20250715_3AIPPCPQX5BIJJKSI7V7SKHACE\/\" target=\"_blank\" rel=\"noreferrer nofollow noopener\" title=\"https:\/\/www.liberation.fr\/economie\/social\/francois-bayrou-veut-une-nouvelle-reforme-de-lassurance-chomage-20250715_3AIPPCPQX5BIJJKSI7V7SKHACE\/\">la question de l\u2019assurance ch\u00f4mage<\/a>, \u00abquand j\u2019entends Fran\u00e7ois Bayrou nous expliquer qu\u2019il faut encore [la] r\u00e9former parce que c\u2019est un frein \u00e0 l\u2019emploi, c\u2019est \u201cun jour sans fin\u201d. J\u2019ai l\u2019impression de me r\u00e9veiller en 2017, quand on nous a expliqu\u00e9 qu\u2019il y avait un probl\u00e8me d\u2019emploi \u00e0 cause de l\u2019assurance ch\u00f4mage.\u00bb<\/p>\n<p class=\"sc-ksZaOG ehjQrN text-element\">Plus globalement, la num\u00e9ro un de la CFDT a dit \u00eatre \u00abtout \u00e0 fait lucide sur le fait que la situation est grave et qu\u2019il y a besoin d\u2019avoir un budget particulier\u00bb mais il ne faut pas que ce dernier se fasse <a href=\"https:\/\/www.liberation.fr\/environnement\/discours-sur-le-budget-le-climato-je-men-foutisme-de-francois-bayrou-20250716_HZOKOHPTAZFTTJP5EE7M24X73E\/\" target=\"_blank\" rel=\"noreferrer nofollow noopener\" title=\"https:\/\/www.liberation.fr\/environnement\/discours-sur-le-budget-le-climato-je-men-foutisme-de-francois-bayrou-20250716_HZOKOHPTAZFTTJP5EE7M24X73E\/\">aux d\u00e9pens de la \u00abtransition \u00e9cologique\u00bb<\/a> ou de la \u00abjustice sociale\u00bb.<\/p>\n<p class=\"sc-ksZaOG ehjQrN text-element\">Dans ce contexte, la mobilisation de la CFDT, premier syndicat de France n\u2019est \u00ababsolument pas exclue\u00bb, selon Marylise L\u00e9on. \u00abL\u00e0 c\u2019est le temps de la discussion [\u2026] mais \u00e7a fait partie du panel de la possibilit\u00e9 d\u2019actions.\u00bb Mercredi matin, la secr\u00e9taire g\u00e9n\u00e9rale de la CGT, Sophie Binet, a clairement \u00e9voqu\u00e9 une mobilisation de son organisation \u00e0 la rentr\u00e9e. Les cinq principales organisations syndicales ont pr\u00e9vu d\u2019\u00e9changer ce vendredi leurs points de vue sur les suites \u00e0 donner aux annonces de Fran\u00e7ois Bayrou.<\/p>\n<p class=\"sc-ksZaOG ehjQrN text-element\"><b>Mise \u00e0 jour \u00e0 18h10 <\/b>avec la r\u00e9action de la ministre du Travail, Astrid Panosyan-Bouvet.<\/p>\n","protected":false},"excerpt":{"rendered":"Au milieu du raz-de-mar\u00e9e de mesures aust\u00e9ritaires lanc\u00e9 par Fran\u00e7ois Bayrou mardi, une nouvelle id\u00e9e pour \u00abremettre la&hellip;\n","protected":false},"author":2,"featured_media":254434,"comment_status":"","ping_status":"","sticky":false,"template":"","format":"standard","meta":{"footnotes":""},"categories":[2],"tags":[11,25548,1270,6310,1011,27,431,39474,12],"class_list":{"0":"post-254433","1":"post","2":"type-post","3":"status-publish","4":"format-standard","5":"has-post-thumbnail","7":"category-actualites","8":"tag-actualites","9":"tag-budget-public","10":"tag-cfdt","11":"tag-eric-lombard","12":"tag-fr","13":"tag-france","14":"tag-francois-bayrou","15":"tag-marylise-leon","16":"tag-news"},"share_on_mastodon":{"url":"https:\/\/pubeurope.com\/@fr\/114869757759176053","error":""},"_links":{"self":[{"href":"https:\/\/www.europesays.com\/fr\/wp-json\/wp\/v2\/posts\/254433","targetHints":{"allow":["GET"]}}],"collection":[{"href":"https:\/\/www.europesays.com\/fr\/wp-json\/wp\/v2\/posts"}],"about":[{"href":"https:\/\/www.europesays.com\/fr\/wp-json\/wp\/v2\/types\/post"}],"author":[{"embeddable":true,"href":"https:\/\/www.europesays.com\/fr\/wp-json\/wp\/v2\/users\/2"}],"replies":[{"embeddable":true,"href":"https:\/\/www.europesays.com\/fr\/wp-json\/wp\/v2\/comments?post=254433"}],"version-history":[{"count":0,"href":"https:\/\/www.europesays.com\/fr\/wp-json\/wp\/v2\/posts\/254433\/revisions"}],"wp:featuredmedia":[{"embeddable":true,"href":"https:\/\/www.europesays.com\/fr\/wp-json\/wp\/v2\/media\/254434"}],"wp:attachment":[{"href":"https:\/\/www.europesays.com\/fr\/wp-json\/wp\/v2\/media?parent=254433"}],"wp:term":[{"taxonomy":"category","embeddable":true,"href":"https:\/\/www.europesays.com\/fr\/wp-json\/wp\/v2\/categories?post=254433"},{"taxonomy":"post_tag","embeddable":true,"href":"https:\/\/www.europesays.com\/fr\/wp-json\/wp\/v2\/tags?post=254433"}],"curies":[{"name":"wp","href":"https:\/\/api.w.org\/{rel}","templated":true}]}}