{"id":254435,"date":"2025-07-17T17:29:22","date_gmt":"2025-07-17T17:29:22","guid":{"rendered":"https:\/\/www.europesays.com\/fr\/254435\/"},"modified":"2025-07-17T17:29:22","modified_gmt":"2025-07-17T17:29:22","slug":"saint-etienne-la-verification-des-armes-ou-lepopee-du-banc-depreuve","status":"publish","type":"post","link":"https:\/\/www.europesays.com\/fr\/254435\/","title":{"rendered":"Saint-\u00c9tienne. La v\u00e9rification des armes ou l\u2019\u00e9pop\u00e9e du banc d\u2019\u00e9preuve"},"content":{"rendered":"<p>Durant des si\u00e8cles, les fabricants eux-m\u00eames \u00e9taient charg\u00e9s de la v\u00e9rification des armes. L\u2019\u00e9preuve ne devient obligatoire qu\u2019en 1700 pour les canons des armes de chasse et de guerre. D\u00e8s 1716, Pierre-Fran\u00e7ois Girard, entrepreneur de la Manufacture royale fait construire un premier banc d\u2019\u00e9preuve dans le quartier de l\u2019Heurton, pr\u00e8s du Chavanelet.<\/p>\n<p>Les armes \u00e9prouv\u00e9es sont poin\u00e7onn\u00e9es des palmes du martyre de Saint-\u00c9tienne<\/p>\n<p>En 1763, l\u2019\u00e9preuve royale d\u00e9m\u00e9nage au c\u0153ur du quartier armurier, sur la place Chavanelle, \u00e0 l\u2019emplacement de l\u2019ancienne loge et pas de tir des arquebusiers. Mais face aux plaintes des fabricants soumis \u00e0 des charges trop fortes pour les fusils de chasse, un d\u00e9cret royal de 1782 distingue l\u2019\u00e9preuve des armes \u00ab\u00a0bourgeoises\u00a0\u00bb de celle des armes de guerre.<\/p>\n<p>Les armes \u00e9prouv\u00e9es sont d\u00e9sormais poin\u00e7onn\u00e9es des palmes du martyre de Saint-\u00c9tienne, emprunt\u00e9es au blason de la ville, garantissant la fiabilit\u00e9 des&#8230;<\/p>\n","protected":false},"excerpt":{"rendered":"Durant des si\u00e8cles, les fabricants eux-m\u00eames \u00e9taient charg\u00e9s de la v\u00e9rification des armes. L\u2019\u00e9preuve ne devient obligatoire qu\u2019en&hellip;\n","protected":false},"author":2,"featured_media":254436,"comment_status":"","ping_status":"","sticky":false,"template":"","format":"standard","meta":{"footnotes":""},"categories":[9653],"tags":[1111,11,2430,1687,3206,7539,1777,674,1011,27,937,12,2661,25,4001,7538,104],"class_list":{"0":"post-254435","1":"post","2":"type-post","3":"status-publish","4":"format-standard","5":"has-post-thumbnail","7":"category-saint-etienne","8":"tag-actu","9":"tag-actualites","10":"tag-auvergne-rhone-alpes","11":"tag-culture-loisirs","12":"tag-defense-guerre-conflit","13":"tag-edition-loire-sud","14":"tag-eu","15":"tag-europe","16":"tag-fr","17":"tag-france","18":"tag-histoire","19":"tag-news","20":"tag-patrimoine-culturel","21":"tag-republique-francaise","22":"tag-saint-etienne","23":"tag-saint-etienne-ville","24":"tag-societe"},"share_on_mastodon":{"url":"https:\/\/pubeurope.com\/@fr\/114869761835807799","error":""},"_links":{"self":[{"href":"https:\/\/www.europesays.com\/fr\/wp-json\/wp\/v2\/posts\/254435","targetHints":{"allow":["GET"]}}],"collection":[{"href":"https:\/\/www.europesays.com\/fr\/wp-json\/wp\/v2\/posts"}],"about":[{"href":"https:\/\/www.europesays.com\/fr\/wp-json\/wp\/v2\/types\/post"}],"author":[{"embeddable":true,"href":"https:\/\/www.europesays.com\/fr\/wp-json\/wp\/v2\/users\/2"}],"replies":[{"embeddable":true,"href":"https:\/\/www.europesays.com\/fr\/wp-json\/wp\/v2\/comments?post=254435"}],"version-history":[{"count":0,"href":"https:\/\/www.europesays.com\/fr\/wp-json\/wp\/v2\/posts\/254435\/revisions"}],"wp:featuredmedia":[{"embeddable":true,"href":"https:\/\/www.europesays.com\/fr\/wp-json\/wp\/v2\/media\/254436"}],"wp:attachment":[{"href":"https:\/\/www.europesays.com\/fr\/wp-json\/wp\/v2\/media?parent=254435"}],"wp:term":[{"taxonomy":"category","embeddable":true,"href":"https:\/\/www.europesays.com\/fr\/wp-json\/wp\/v2\/categories?post=254435"},{"taxonomy":"post_tag","embeddable":true,"href":"https:\/\/www.europesays.com\/fr\/wp-json\/wp\/v2\/tags?post=254435"}],"curies":[{"name":"wp","href":"https:\/\/api.w.org\/{rel}","templated":true}]}}