{"id":254437,"date":"2025-07-17T17:30:14","date_gmt":"2025-07-17T17:30:14","guid":{"rendered":"https:\/\/www.europesays.com\/fr\/254437\/"},"modified":"2025-07-17T17:30:14","modified_gmt":"2025-07-17T17:30:14","slug":"geoffroy-guichard-se-pare-dune-voilure-pour-proteger-sa-pelouse","status":"publish","type":"post","link":"https:\/\/www.europesays.com\/fr\/254437\/","title":{"rendered":"Geoffroy-Guichard se pare d\u2019une voilure pour prot\u00e9ger sa pelouse"},"content":{"rendered":"<p>\u00ab Une innovation st\u00e9phanoise, et une grande premi\u00e8re en France.\u00a0\u00bb<\/p>\n<p>C\u2019est en ces termes que Jean-Luc Degraix, vice-pr\u00e9sident de Saint-Etienne M\u00e9tropole, pr\u00e9sente le nouveau voilage install\u00e9 fin juin quelques m\u00e8tres au-dessus de la pelouse du stade Geoffroy Guichard. Son but est d\u2019emp\u00eacher la lumi\u00e8re du soleil d\u2019atteindre la pelouse. Les avantages sont multiples : en plus d\u2019abaisser la temp\u00e9rature de 5\u00b0C au ras du terrain, ces voiles filtrent les ultraviolets (UV), agissant ainsi contre le jaunissement et le ph\u00e9nom\u00e8ne de gazon cram\u00e9.<\/p>\n<p>\u00ab Ces 5\u00b0C en moins, c\u2019est aussi moins de risques de maladies, et donc moins de traitement \u00e0 base de produits phytosanitaires \u00bb, compl\u00e8te Jos\u00e9 Machado, responsable technique \u00e0 Saint-Etienne M\u00e9tropole et instigateur du projet d\u00e8s 2017.<\/p>\n<p>  Un lien entre \u00e9tat de la pelouse et r\u00e9sultats sportifs ?<\/p>\n<p>Jean-Luc Degraix souligne \u00ab qu\u2019un bon terrain, c\u2019est aussi le reflet de l\u2019\u00e9quipe. On \u00e9tait la <a href=\"https:\/\/www.leprogres.fr\/sport\/2024\/08\/27\/on-a-mis-de-gros-moyens-pour-l-entretien-de-la-pelouse-de-geoffroy-guichard\" target=\"_blank\" rel=\"noopener\">troisi\u00e8me meilleure pelouse de France lors de la mont\u00e9e en Ligue 1 en 2023-2024<\/a>, puis on est redescendus dans le classement apr\u00e8s les JO. \u00bb Dans une enceinte en forme de cuvette o\u00f9 la temp\u00e9rature au sol peut d\u00e9passer les 40\u00b0C, les 5\u00b0C perdus permettent au gazon de respirer.<\/p>\n<p>Marianne Petiot, directrice Sports et Vie associative \u00e0 la M\u00e9tropole, souligne que l\u2019objectif n\u2019est pas d\u2019avoir une pelouse parfaite. \u00ab Ces derni\u00e8res ann\u00e9es, les exigences de l\u2019audiovisuel font qu\u2019il y a un championnat des pelouses, explique la responsable. Mais une pelouse, c&rsquo;est vivant, il faut accepter d\u2019avoir des tr\u00e8fles ou un petit trou par-ci par-l\u00e0. \u00bb<\/p>\n<p>Les tout premiers retours semblent concluants. Le 12 juillet, l\u2019ASSE recevait l\u2019Estac Troyes \u00e0 Geoffroy-Guichard pour son second match de pr\u00e9-saison. <a href=\"https:\/\/www.leprogres.fr\/sport\/2025\/07\/12\/l-asse-moins-flamboyante-mais-encore-victorieuse-face-a-troyes\" target=\"_blank\" rel=\"noopener\">Les Verts l\u2019ont emport\u00e9 1-0<\/a>. Et la pelouse \u00e9tait en meilleur \u00e9tat qu\u2019esp\u00e9r\u00e9, d\u2019autant plus que la ville sortait \u00e0 peine de plusieurs jours de canicule intense.<\/p>\n<p>\u00ab Sur ce match du 12 juillet, je pense que le terrain n\u2019aurait pas support\u00e9 l\u2019intensit\u00e9 du haut niveau si on n\u2019avait pas mis en place le voilage, estime Jos\u00e9 Machado. Il y aurait eu des mottes arrach\u00e9es. \u00bb<\/p>\n<p>Le responsable s\u2019attend \u00e0 dresser un premier bilan complet \u00e0 la fin de la p\u00e9riode estivale, en septembre, lorsque le voilage sera retir\u00e9 pour la saison, avant son retour en juin prochain.<\/p>\n<p>  Un dispositif encore en phase de test<\/p>\n<p>Cette innovation technique a aussi \u00e9t\u00e9 pens\u00e9e dans le but de r\u00e9aliser des \u00e9conomies cons\u00e9quentes. \u00ab L\u2019id\u00e9e, poursuit Jos\u00e9 Machado, c\u2019est aussi de casser le mythe selon lequel il faut changer de pelouse chaque ann\u00e9e. \u00bb Le remplacement total d\u2019une pelouse co\u00fbte \u00e0 lui seul 500 000 euros. Ce voilage \u00e9tant encore un prototype, l\u2019accent a \u00e9t\u00e9 mis sur la r\u00e9utilisation de mat\u00e9riaux qui appartenaient d\u00e9j\u00e0 \u00e0 la M\u00e9tropole, l\u00e0 encore pour \u00e9viter tout surco\u00fbt. Les voiles sont par exemple tendues gr\u00e2ce \u00e0 des cordes d\u2019escalade.<\/p>\n<p>Le syst\u00e8me est donc rudimentaire, mais fonctionne : sur les trois premi\u00e8res semaines, on constate une diminution de la consommation en eau de 30 \u00e0 50 %. \u00ab On veut tester avant d\u2019investir vraiment, d\u00e9taille Marianne Petiot. Et \u00e7a nous tient aussi \u00e0 c\u0153ur d\u2019\u00eatre des pionniers. On n\u2019a pas de toit r\u00e9tractable comme d\u2019autres stades, alors on veut montrer qu\u2019il est possible de d\u00e9velopper des infrastructures efficaces sans investir \u00e9norm\u00e9ment. \u00bb<\/p>\n<p>Pour \u00eatre \u00e0 la pointe du d\u00e9veloppement durable et de la sobri\u00e9t\u00e9 \u00e9nerg\u00e9tique, le septi\u00e8me plus grand stade de France s\u2019est \u00e9quip\u00e9 d\u00e8s 2007 de panneaux photovolta\u00efques et s\u2019est <a href=\"https:\/\/www.leprogres.fr\/sport\/2024\/04\/01\/le-stade-geoffroy-guichard-va-devenir-plus-vert-que-vert\" target=\"_blank\" rel=\"noopener\">raccord\u00e9 en 2024 au r\u00e9seau \u00e9lectrique,<\/a> afin de limiter l\u2019usage de groupes \u00e9lectrog\u00e8nes gourmands en \u00e9nergie. Une cuve a \u00e9galement \u00e9t\u00e9 install\u00e9e, et capte annuellement 430 m3 d\u2019eau de pluie.<\/p>\n<p>Ce voilage s\u2019inscrit donc dans la politique environnementale entreprise par les Verts et la M\u00e9tropole depuis plusieurs ann\u00e9es. Avec un taux de remplissage moyen de 29 760 supporters l\u2019an dernier et 17 000 abonnements pour la saison \u00e0 venir, le Chaudron n\u2019a d\u00e9finitivement pas besoin des rayons du soleil pour rester bouillant.<\/p>\n<p>        &#13;<br \/>\n          <a href=\"https:\/\/cdn-s-www.leprogres.fr\/images\/38dcb0ac-95c3-4f88-b34e-5dbaf95d1a30\/NW_raw\/le-12-juillet-dernier-contre-troyes-en-match-amical-les-voiles-ont-ete-retirees-photo-charly-jurine-1752770613.jpg\" title=\"Le 12\u00a0juillet dernier contre Troyes en match amical, les voiles ont \u00e9t\u00e9 retir\u00e9es.\u00a0 Photo Charly Jurine\" class=\"chocolat-image GA-tracking\" data-ga_type=\"click\" data-ga_category=\"D\u00e9tail\" data-ga_action=\"zoomer\" data-ga_label=\"agrandir image\" target=\"_blank\" rel=\"noopener\">&#13;<br \/>\n            <img loading=\"lazy\" decoding=\"async\" src=\"https:\/\/www.europesays.com\/fr\/wp-content\/uploads\/2025\/07\/le-12-juillet-dernier-contre-troyes-en-match-amical-les-voiles-ont-ete-retirees-photo-charly-jurine-.jpeg\" alt=\"Le 12\u00a0juillet dernier contre Troyes en match amical, les voiles ont \u00e9t\u00e9 retir\u00e9es.\u00a0 Photo Charly Jurine\"\/>&#13;<br \/>\n          <\/a>&#13;<br \/>\n          &#13;<\/p>\n<p class=\"insetTitle\">Montage et d\u00e9montage des voiles, mode d\u2019emploi<\/p>\n<p>De l\u2019aveu m\u00eame de Marianne Petiot, directrice Sports et Vie associative \u00e0 la Saint-Etienne M\u00e9tropole, \u00ab\u00a0le voilage est encore en phase de test. Il y a encore quelques sujets techniques sur lesquels on doit plancher\u00a0\u00bb.<\/p>\n<p>L\u2019un d\u2019entre eux concerne le montage et le d\u00e9montage du dispositif avant et apr\u00e8s les matchs. La saison d\u00e9marre en effet d\u00e9but ao\u00fbt (et m\u00eame en juillet en comptant les matchs amicaux), alors que les temp\u00e9ratures et l\u2019ensoleillement \u00e9lev\u00e9s durent bien souvent jusqu\u2019en septembre. \u00c0 l\u2019occasion de la r\u00e9ception de l\u2019Estac Troyes le 12\u00a0juillet dernier, les voiles ont \u00e9t\u00e9 retir\u00e9es le jeudi\u00a010, soit deux jours avant, et r\u00e9install\u00e9es le mardi\u00a015, soit trois jours apr\u00e8s.<\/p>\n<p>Compos\u00e9 de cordes d\u2019escalade et de b\u00e2ches qui appartenaient d\u00e9j\u00e0 \u00e0 la m\u00e9tropole, le m\u00e9canisme attend de passer de premiers tests concluants en termes d\u2019\u00e9conomie d\u2019eau et de qualit\u00e9 de la pelouse avant d\u2019entrer dans une phase d\u2019am\u00e9lioration.<\/p>\n<p>La M\u00e9tropole cherche notamment \u00e0 rendre ces immenses voiles r\u00e9tractables, pour ne pas avoir \u00e0 les d\u00e9poser au sol comme c\u2019est le cas actuellement.<\/p>\n","protected":false},"excerpt":{"rendered":"\u00ab Une innovation st\u00e9phanoise, et une grande premi\u00e8re en France.\u00a0\u00bb C\u2019est en ces termes que Jean-Luc Degraix, vice-pr\u00e9sident&hellip;\n","protected":false},"author":2,"featured_media":254438,"comment_status":"","ping_status":"","sticky":false,"template":"","format":"standard","meta":{"footnotes":""},"categories":[9653],"tags":[1111,11,4000,2430,7539,1777,674,107,63,1011,27,3367,12,25,4001,7538,517],"class_list":{"0":"post-254437","1":"post","2":"type-post","3":"status-publish","4":"format-standard","5":"has-post-thumbnail","7":"category-saint-etienne","8":"tag-actu","9":"tag-actualites","10":"tag-asse-as-saint-etienne-football","11":"tag-auvergne-rhone-alpes","12":"tag-edition-loire-sud","13":"tag-eu","14":"tag-europe","15":"tag-fil-info","16":"tag-football","17":"tag-fr","18":"tag-france","19":"tag-loire","20":"tag-news","21":"tag-republique-francaise","22":"tag-saint-etienne","23":"tag-saint-etienne-ville","24":"tag-sport"},"share_on_mastodon":{"url":"https:\/\/pubeurope.com\/@fr\/114869765677600877","error":""},"_links":{"self":[{"href":"https:\/\/www.europesays.com\/fr\/wp-json\/wp\/v2\/posts\/254437","targetHints":{"allow":["GET"]}}],"collection":[{"href":"https:\/\/www.europesays.com\/fr\/wp-json\/wp\/v2\/posts"}],"about":[{"href":"https:\/\/www.europesays.com\/fr\/wp-json\/wp\/v2\/types\/post"}],"author":[{"embeddable":true,"href":"https:\/\/www.europesays.com\/fr\/wp-json\/wp\/v2\/users\/2"}],"replies":[{"embeddable":true,"href":"https:\/\/www.europesays.com\/fr\/wp-json\/wp\/v2\/comments?post=254437"}],"version-history":[{"count":0,"href":"https:\/\/www.europesays.com\/fr\/wp-json\/wp\/v2\/posts\/254437\/revisions"}],"wp:featuredmedia":[{"embeddable":true,"href":"https:\/\/www.europesays.com\/fr\/wp-json\/wp\/v2\/media\/254438"}],"wp:attachment":[{"href":"https:\/\/www.europesays.com\/fr\/wp-json\/wp\/v2\/media?parent=254437"}],"wp:term":[{"taxonomy":"category","embeddable":true,"href":"https:\/\/www.europesays.com\/fr\/wp-json\/wp\/v2\/categories?post=254437"},{"taxonomy":"post_tag","embeddable":true,"href":"https:\/\/www.europesays.com\/fr\/wp-json\/wp\/v2\/tags?post=254437"}],"curies":[{"name":"wp","href":"https:\/\/api.w.org\/{rel}","templated":true}]}}