{"id":254441,"date":"2025-07-17T17:32:35","date_gmt":"2025-07-17T17:32:35","guid":{"rendered":"https:\/\/www.europesays.com\/fr\/254441\/"},"modified":"2025-07-17T17:32:35","modified_gmt":"2025-07-17T17:32:35","slug":"paul-mallez-debutera-de-nouveau-remplacant-contre-les-blacks","status":"publish","type":"post","link":"https:\/\/www.europesays.com\/fr\/254441\/","title":{"rendered":"Paul Mallez d\u00e9butera de nouveau rempla\u00e7ant contre les Blacks"},"content":{"rendered":"<p>Ce jeudi, le XV de France a d\u00e9voil\u00e9 sa derni\u00e8re composition pour la tourn\u00e9e d\u2019\u00e9t\u00e9 en Nouvelle-Z\u00e9lande. <a href=\"https:\/\/www.estrepublicain.fr\/sport\/2025\/07\/12\/le-nanceien-paul-mallez-participe-au-sursaut-d-orgueil-du-xv-de-france-face-aux-all-blacks\" target=\"_blank\" rel=\"noopener\">D\u00e9faite samedi dernier (43-17)<\/a> , l\u2019\u00e9quipe de France a \u00e9t\u00e9 remani\u00e9e pour cette ultime rencontre face aux Blacks. Le Nanc\u00e9ien Paul Mallez reste, cependant, bel et bien rempla\u00e7ant pour ce match.<\/p>\n<p>Le joueur form\u00e9 au RC Pont-\u00e0-Mousson,\u00a0qui compte d\u00e9j\u00e0 deux s\u00e9lections avec le XV de France, a pu b\u00e9n\u00e9ficier d\u2019un temps de jeu plus int\u00e9ressant sur les premi\u00e8res rencontres, o\u00f9 il est \u00e0 chaque fois entr\u00e9 en jeu en d\u00e9but de seconde mi-temps.<\/p>\n<p>Le coup d\u2019envoi de la rencontre sera donn\u00e9 \u00e0 partir de 9\u00a0h\u00a005 depuis le stade d\u2019Hamilton.<\/p>\n<p>Ce contenu est bloqu\u00e9 car vous n&rsquo;avez pas accept\u00e9 les cookies et autres traceurs.<\/p>\n<p>En cliquant sur \u00ab J\u2019accepte \u00bb, les cookies et autres traceurs seront d\u00e9pos\u00e9s et vous pourrez visualiser les contenus  (<a href=\"\" class=\"consentModule_policy\" target=\"_blank\" title=\"Consulter la politique de protection des donn\u00e9es du fournisseur\">plus d&rsquo;informations<\/a>).<\/p>\n<p>En cliquant sur \u00ab J\u2019accepte tous les cookies \u00bb, vous autorisez des d\u00e9p\u00f4ts de cookies et autres traceurs pour le stockage de vos donn\u00e9es sur nos sites et applications \u00e0 des fins de personnalisation et de ciblage publicitaire.<\/p>\n<p class=\"consentModule_secondaryText\">Vous gardez la possibilit\u00e9 de retirer votre consentement \u00e0 tout moment en consultant notre <a href=\"https:\/\/www.estrepublicain.fr\/protection-des-donnees\" target=\"_blank\" title=\"Consulter notre politique de protection des donn\u00e9es\" rel=\"noopener\">politique de protection des donn\u00e9es<\/a>. <br \/>&#13;<br \/>\n            <a href=\"https:\/\/www.estrepublicain.fr\/sport\/2025\/07\/17\/javascript:Didomi.notice.show()\" class=\"consentModule_cmp\" target=\"_blank\" rel=\"noopener\">G\u00e9rer mes choix<\/a>&#13;\n        <\/p>\n<p>&#13;<br \/>\n                        J&rsquo;accepte&#13;<br \/>\n            J&rsquo;accepte tous les cookies&#13;\n        <\/p>\n","protected":false},"excerpt":{"rendered":"Ce jeudi, le XV de France a d\u00e9voil\u00e9 sa derni\u00e8re composition pour la tourn\u00e9e d\u2019\u00e9t\u00e9 en Nouvelle-Z\u00e9lande. D\u00e9faite&hellip;\n","protected":false},"author":2,"featured_media":254442,"comment_status":"","ping_status":"","sticky":false,"template":"","format":"standard","meta":{"footnotes":""},"categories":[9635],"tags":[1111,11,1704,1706,1777,674,1011,27,775,1702,1703,12,10422,25,479,517,1700],"class_list":{"0":"post-254441","1":"post","2":"type-post","3":"status-publish","4":"format-standard","5":"has-post-thumbnail","7":"category-nancy","8":"tag-actu","9":"tag-actualites","10":"tag-edition-nancy-et-agglomeration","11":"tag-edition-pont-a-mousson","12":"tag-eu","13":"tag-europe","14":"tag-fr","15":"tag-france","16":"tag-grand-est","17":"tag-nancy","18":"tag-nancy-ville-54b","19":"tag-news","20":"tag-pont-a-mousson","21":"tag-republique-francaise","22":"tag-rugby","23":"tag-sport","24":"tag-sport-lorrain"},"share_on_mastodon":{"url":"https:\/\/pubeurope.com\/@fr\/114869773682192951","error":""},"_links":{"self":[{"href":"https:\/\/www.europesays.com\/fr\/wp-json\/wp\/v2\/posts\/254441","targetHints":{"allow":["GET"]}}],"collection":[{"href":"https:\/\/www.europesays.com\/fr\/wp-json\/wp\/v2\/posts"}],"about":[{"href":"https:\/\/www.europesays.com\/fr\/wp-json\/wp\/v2\/types\/post"}],"author":[{"embeddable":true,"href":"https:\/\/www.europesays.com\/fr\/wp-json\/wp\/v2\/users\/2"}],"replies":[{"embeddable":true,"href":"https:\/\/www.europesays.com\/fr\/wp-json\/wp\/v2\/comments?post=254441"}],"version-history":[{"count":0,"href":"https:\/\/www.europesays.com\/fr\/wp-json\/wp\/v2\/posts\/254441\/revisions"}],"wp:featuredmedia":[{"embeddable":true,"href":"https:\/\/www.europesays.com\/fr\/wp-json\/wp\/v2\/media\/254442"}],"wp:attachment":[{"href":"https:\/\/www.europesays.com\/fr\/wp-json\/wp\/v2\/media?parent=254441"}],"wp:term":[{"taxonomy":"category","embeddable":true,"href":"https:\/\/www.europesays.com\/fr\/wp-json\/wp\/v2\/categories?post=254441"},{"taxonomy":"post_tag","embeddable":true,"href":"https:\/\/www.europesays.com\/fr\/wp-json\/wp\/v2\/tags?post=254441"}],"curies":[{"name":"wp","href":"https:\/\/api.w.org\/{rel}","templated":true}]}}