{"id":254453,"date":"2025-07-17T17:39:21","date_gmt":"2025-07-17T17:39:21","guid":{"rendered":"https:\/\/www.europesays.com\/fr\/254453\/"},"modified":"2025-07-17T17:39:21","modified_gmt":"2025-07-17T17:39:21","slug":"seyssins-travaux-rue-des-alouettes-stationnement-interdit-jusquau-11-aout","status":"publish","type":"post","link":"https:\/\/www.europesays.com\/fr\/254453\/","title":{"rendered":"Seyssins. Travaux rue des Alouettes\u00a0: stationnement interdit jusqu\u2019au 11\u00a0ao\u00fbt"},"content":{"rendered":"<p>Grenoble Alpes m\u00e9tropole a engag\u00e9, ce mardi 15\u00a0juillet, des travaux d\u2019am\u00e9nagement de voirie dans la rue des Alouettes afin de d\u00e9simperm\u00e9abiliser les sols et de raccorder le cheminement pi\u00e9tons \u00e0 l\u2019op\u00e9ration immobili\u00e8re voisine. Le chantier, d\u2019une dur\u00e9e pr\u00e9visionnelle de quatre semaines hors al\u00e9as climatiques, devrait s\u2019achever le\u00a011\u00a0ao\u00fbt. Pour des raisons techniques et de s\u00e9curit\u00e9, le stationnement sera interdit durant cette phase de travaux.<\/p>\n","protected":false},"excerpt":{"rendered":"Grenoble Alpes m\u00e9tropole a engag\u00e9, ce mardi 15\u00a0juillet, des travaux d\u2019am\u00e9nagement de voirie dans la rue des Alouettes&hellip;\n","protected":false},"author":2,"featured_media":254454,"comment_status":"","ping_status":"","sticky":false,"template":"","format":"standard","meta":{"footnotes":""},"categories":[9566],"tags":[1111,11,2430,4749,3542,33,112,1777,674,1011,27,2731,12278,12,25,12277,2803],"class_list":{"0":"post-254453","1":"post","2":"type-post","3":"status-publish","4":"format-standard","5":"has-post-thumbnail","7":"category-grenoble","8":"tag-actu","9":"tag-actualites","10":"tag-auvergne-rhone-alpes","11":"tag-btp-et-chantiers","12":"tag-circulation","13":"tag-economie","14":"tag-edition-grenoble-agglomeration","15":"tag-eu","16":"tag-europe","17":"tag-fr","18":"tag-france","19":"tag-grenoble","20":"tag-lagglomeration-et-le-vercors","21":"tag-news","22":"tag-republique-francaise","23":"tag-seyssins","24":"tag-transport"},"share_on_mastodon":{"url":"https:\/\/pubeurope.com\/@fr\/114869800986156569","error":""},"_links":{"self":[{"href":"https:\/\/www.europesays.com\/fr\/wp-json\/wp\/v2\/posts\/254453","targetHints":{"allow":["GET"]}}],"collection":[{"href":"https:\/\/www.europesays.com\/fr\/wp-json\/wp\/v2\/posts"}],"about":[{"href":"https:\/\/www.europesays.com\/fr\/wp-json\/wp\/v2\/types\/post"}],"author":[{"embeddable":true,"href":"https:\/\/www.europesays.com\/fr\/wp-json\/wp\/v2\/users\/2"}],"replies":[{"embeddable":true,"href":"https:\/\/www.europesays.com\/fr\/wp-json\/wp\/v2\/comments?post=254453"}],"version-history":[{"count":0,"href":"https:\/\/www.europesays.com\/fr\/wp-json\/wp\/v2\/posts\/254453\/revisions"}],"wp:featuredmedia":[{"embeddable":true,"href":"https:\/\/www.europesays.com\/fr\/wp-json\/wp\/v2\/media\/254454"}],"wp:attachment":[{"href":"https:\/\/www.europesays.com\/fr\/wp-json\/wp\/v2\/media?parent=254453"}],"wp:term":[{"taxonomy":"category","embeddable":true,"href":"https:\/\/www.europesays.com\/fr\/wp-json\/wp\/v2\/categories?post=254453"},{"taxonomy":"post_tag","embeddable":true,"href":"https:\/\/www.europesays.com\/fr\/wp-json\/wp\/v2\/tags?post=254453"}],"curies":[{"name":"wp","href":"https:\/\/api.w.org\/{rel}","templated":true}]}}