{"id":254455,"date":"2025-07-17T17:40:10","date_gmt":"2025-07-17T17:40:10","guid":{"rendered":"https:\/\/www.europesays.com\/fr\/254455\/"},"modified":"2025-07-17T17:40:10","modified_gmt":"2025-07-17T17:40:10","slug":"jeux-et-energie-partagee-au-menu-de-ledition-2025","status":"publish","type":"post","link":"https:\/\/www.europesays.com\/fr\/254455\/","title":{"rendered":"jeux et \u00e9nergie partag\u00e9e au menu de l\u2019\u00e9dition 2025"},"content":{"rendered":"<p>L\u2019\u00e9dition 2025 de \u201cl\u2019\u00c9t\u00e9 Oh\u00a0! Parcs\u201d ne d\u00e9roge pas \u00e0 la r\u00e8gle\u00a0: entre activit\u00e9s sportives, espaces d\u00e9tente, animations culturelles, et ateliers pour toutes les g\u00e9n\u00e9rations, l\u2019esprit est \u00e0 la rencontre, au plaisir simple, et \u00e0 la d\u00e9couverte.<\/p>\n<p>Cette ann\u00e9e encore, la Ville a mobilis\u00e9 une \u00e9quipe dynamique d\u2019animateurs et d\u2019animatrices, majoritairement&#8230;<\/p>\n","protected":false},"excerpt":{"rendered":"L\u2019\u00e9dition 2025 de \u201cl\u2019\u00c9t\u00e9 Oh\u00a0! Parcs\u201d ne d\u00e9roge pas \u00e0 la r\u00e8gle\u00a0: entre activit\u00e9s sportives, espaces d\u00e9tente, animations&hellip;\n","protected":false},"author":2,"featured_media":254456,"comment_status":"","ping_status":"","sticky":false,"template":"","format":"standard","meta":{"footnotes":""},"categories":[9566],"tags":[1111,11,2430,1687,112,1777,674,3326,1011,27,2731,2732,12,25,104,1631],"class_list":{"0":"post-254455","1":"post","2":"type-post","3":"status-publish","4":"format-standard","5":"has-post-thumbnail","7":"category-grenoble","8":"tag-actu","9":"tag-actualites","10":"tag-auvergne-rhone-alpes","11":"tag-culture-loisirs","12":"tag-edition-grenoble-agglomeration","13":"tag-eu","14":"tag-europe","15":"tag-fete-locale","16":"tag-fr","17":"tag-france","18":"tag-grenoble","19":"tag-grenoble-bassin","20":"tag-news","21":"tag-republique-francaise","22":"tag-societe","23":"tag-vie-associative"},"share_on_mastodon":{"url":"https:\/\/pubeurope.com\/@fr\/114869804984512972","error":""},"_links":{"self":[{"href":"https:\/\/www.europesays.com\/fr\/wp-json\/wp\/v2\/posts\/254455","targetHints":{"allow":["GET"]}}],"collection":[{"href":"https:\/\/www.europesays.com\/fr\/wp-json\/wp\/v2\/posts"}],"about":[{"href":"https:\/\/www.europesays.com\/fr\/wp-json\/wp\/v2\/types\/post"}],"author":[{"embeddable":true,"href":"https:\/\/www.europesays.com\/fr\/wp-json\/wp\/v2\/users\/2"}],"replies":[{"embeddable":true,"href":"https:\/\/www.europesays.com\/fr\/wp-json\/wp\/v2\/comments?post=254455"}],"version-history":[{"count":0,"href":"https:\/\/www.europesays.com\/fr\/wp-json\/wp\/v2\/posts\/254455\/revisions"}],"wp:featuredmedia":[{"embeddable":true,"href":"https:\/\/www.europesays.com\/fr\/wp-json\/wp\/v2\/media\/254456"}],"wp:attachment":[{"href":"https:\/\/www.europesays.com\/fr\/wp-json\/wp\/v2\/media?parent=254455"}],"wp:term":[{"taxonomy":"category","embeddable":true,"href":"https:\/\/www.europesays.com\/fr\/wp-json\/wp\/v2\/categories?post=254455"},{"taxonomy":"post_tag","embeddable":true,"href":"https:\/\/www.europesays.com\/fr\/wp-json\/wp\/v2\/tags?post=254455"}],"curies":[{"name":"wp","href":"https:\/\/api.w.org\/{rel}","templated":true}]}}