{"id":254457,"date":"2025-07-17T17:41:09","date_gmt":"2025-07-17T17:41:09","guid":{"rendered":"https:\/\/www.europesays.com\/fr\/254457\/"},"modified":"2025-07-17T17:41:09","modified_gmt":"2025-07-17T17:41:09","slug":"un-homme-se-tue-en-sautant-dune-oeuvre-dart-sur-la-vilaine","status":"publish","type":"post","link":"https:\/\/www.europesays.com\/fr\/254457\/","title":{"rendered":"Un homme se tue en sautant d\u2019une \u0153uvre d\u2019art sur la Vilaine"},"content":{"rendered":"<p>Un homme est tomb\u00e9 dans la Vilaine ce jeudi aux alentours de 16h30 au pied de la place de Bretagne, \u00e0 <a href=\"https:\/\/www.20minutes.fr\/rennes\/\" class=\"color-ultramarine c-link\" rel=\"nofollow noopener\" target=\"_blank\">Rennes<\/a>. Ag\u00e9 de 39 ans, l\u2019homme n\u2019a pas pu \u00eatre sauv\u00e9. Les pompiers ont rep\u00each\u00e9 son corps mais n\u2019ont pas pu le r\u00e9animer.<\/p>\n<p>D\u2019apr\u00e8s une source polici\u00e8re, l\u2019homme serait mont\u00e9 sur le kiosque pos\u00e9 sur la Vilaine et aurait chut\u00e9. Pour l\u2019heure, on ignore si son geste \u00e9tait d\u00e9lib\u00e9r\u00e9. En tombant, l\u2019homme aurait heurt\u00e9 la structure m\u00e9tallique avant de tomber \u00e0 l\u2019eau et <a href=\"https:\/\/www.20minutes.fr\/dossier\/noyade\" class=\"color-ultramarine c-link\" rel=\"nofollow noopener\" target=\"_blank\">de se noyer<\/a>. Une enqu\u00eate a \u00e9t\u00e9 ouverte pour tenter de comprendre les circonstances de cet accident.<\/p>\n<p>Le belv\u00e9d\u00e8re est une \u0153uvre d\u2019art imagin\u00e9e par les fr\u00e8res Ronan et Erwan Bouroullec. Elle a \u00e9t\u00e9 install\u00e9e <a href=\"https:\/\/www.20minutes.fr\/rennes\/2636567-20191025-rennes-belvedere-freres-bouroullec-flottera-eau-partir-fevrier\" class=\"color-ultramarine c-link\" rel=\"nofollow noopener\" target=\"_blank\">sur la Vilaine en\u00a02021<\/a>.<\/p>\n","protected":false},"excerpt":{"rendered":"Un homme est tomb\u00e9 dans la Vilaine ce jeudi aux alentours de 16h30 au pied de la place&hellip;\n","protected":false},"author":2,"featured_media":254458,"comment_status":"","ping_status":"","sticky":false,"template":"","format":"standard","meta":{"footnotes":""},"categories":[2821],"tags":[119,1111,47,11,829,1067,1777,674,118,7641,1011,27,848,12,7781,21832,584,25,22128],"class_list":{"0":"post-254457","1":"post","2":"type-post","3":"status-publish","4":"format-standard","5":"has-post-thumbnail","7":"category-rennes","8":"tag-accident","9":"tag-actu","10":"tag-actualite","11":"tag-actualites","12":"tag-bretagne","13":"tag-enquete","14":"tag-eu","15":"tag-europe","16":"tag-faits-divers","17":"tag-faits-divers-rennes","18":"tag-fr","19":"tag-france","20":"tag-ille-et-vilaine","21":"tag-news","22":"tag-noyade","23":"tag-oeuvre-dart","24":"tag-rennes","25":"tag-republique-francaise","26":"tag-tentative-de-suicide"},"share_on_mastodon":{"url":"https:\/\/pubeurope.com\/@fr\/114869808882766908","error":""},"_links":{"self":[{"href":"https:\/\/www.europesays.com\/fr\/wp-json\/wp\/v2\/posts\/254457","targetHints":{"allow":["GET"]}}],"collection":[{"href":"https:\/\/www.europesays.com\/fr\/wp-json\/wp\/v2\/posts"}],"about":[{"href":"https:\/\/www.europesays.com\/fr\/wp-json\/wp\/v2\/types\/post"}],"author":[{"embeddable":true,"href":"https:\/\/www.europesays.com\/fr\/wp-json\/wp\/v2\/users\/2"}],"replies":[{"embeddable":true,"href":"https:\/\/www.europesays.com\/fr\/wp-json\/wp\/v2\/comments?post=254457"}],"version-history":[{"count":0,"href":"https:\/\/www.europesays.com\/fr\/wp-json\/wp\/v2\/posts\/254457\/revisions"}],"wp:featuredmedia":[{"embeddable":true,"href":"https:\/\/www.europesays.com\/fr\/wp-json\/wp\/v2\/media\/254458"}],"wp:attachment":[{"href":"https:\/\/www.europesays.com\/fr\/wp-json\/wp\/v2\/media?parent=254457"}],"wp:term":[{"taxonomy":"category","embeddable":true,"href":"https:\/\/www.europesays.com\/fr\/wp-json\/wp\/v2\/categories?post=254457"},{"taxonomy":"post_tag","embeddable":true,"href":"https:\/\/www.europesays.com\/fr\/wp-json\/wp\/v2\/tags?post=254457"}],"curies":[{"name":"wp","href":"https:\/\/api.w.org\/{rel}","templated":true}]}}