{"id":254463,"date":"2025-07-17T17:44:10","date_gmt":"2025-07-17T17:44:10","guid":{"rendered":"https:\/\/www.europesays.com\/fr\/254463\/"},"modified":"2025-07-17T17:44:10","modified_gmt":"2025-07-17T17:44:10","slug":"strasbourg-depuis-debut-juillet-chiens-et-chats-peuvent-aussi-donner-leur-sang","status":"publish","type":"post","link":"https:\/\/www.europesays.com\/fr\/254463\/","title":{"rendered":"Strasbourg. Depuis d\u00e9but juillet, chiens et chats peuvent aussi donner leur sang"},"content":{"rendered":"<p>Flue ouvre de grands yeux ronds mais accepte de bonne gr\u00e2ce de se soumettre aux manipulations de la v\u00e9t\u00e9rinaire qui v\u00e9rifie son \u00e9tat de sant\u00e9. Cette chatte de race ragdoll de deux ans s\u2019appr\u00eate \u00e0 une premi\u00e8re\u00a0: un pr\u00e9l\u00e8vement de sang pour sauver la vie d\u2019autres de ses cong\u00e9n\u00e8res. Sa propri\u00e9taire r\u00e9pond \u00e0 un appel aux dons de la <a href=\"https:\/\/www.dna.fr\/societe\/2025\/04\/24\/il-soigne-les-yeux-de-nos-animaux-thierry-azoulay-veto-chirurgien-et-ophtalmo\" target=\"_blank\" rel=\"nofollow noopener\">clinique Agoravet du quartier de Cronenbourg<\/a> , \u00e0 Strasbourg, la premi\u00e8re du Grand Est \u00e0 proposer une banque de sang pour chiens et chats depuis d\u00e9but juillet.<\/p>\n<p>Le don entre chien et chat pas pl\u00e9biscit\u00e9<\/p>\n<p>Premi\u00e8re \u00e9tape\u00a0: un check-up et un bilan sanguin (pour \u00e9liminer tout risque de maladie), pour v\u00e9rifier que Flue est en \u00e9tat de donner.\u00a0La chatte est amen\u00e9e en salle de soins o\u00f9 apr\u00e8s une s\u00e9dation, 50 millilitres de son sang sont pr\u00e9lev\u00e9s de sa veine jugulaire. \u00ab\u00a0La quantit\u00e9 pr\u00e9lev\u00e9e est d\u00e9termin\u00e9e en fonction du poids\u00a0\u00bb, pr\u00e9cise la v\u00e9t\u00e9rinaire S\u00e9verine Hafner qui lui installe la perfusion. La poche de sang bien rouge est ensuite trait\u00e9e en centrifugeuse, pour s\u00e9parer&#8230;<\/p>\n","protected":false},"excerpt":{"rendered":"Flue ouvre de grands yeux ronds mais accepte de bonne gr\u00e2ce de se soumettre aux manipulations de la&hellip;\n","protected":false},"author":2,"featured_media":254464,"comment_status":"","ping_status":"","sticky":false,"template":"","format":"standard","meta":{"footnotes":""},"categories":[2820],"tags":[1111,11,1867,2880,1777,674,107,1011,27,775,12,25,104,640,2879],"class_list":{"0":"post-254463","1":"post","2":"type-post","3":"status-publish","4":"format-standard","5":"has-post-thumbnail","7":"category-strasbourg","8":"tag-actu","9":"tag-actualites","10":"tag-animaux","11":"tag-edition-strasbourg","12":"tag-eu","13":"tag-europe","14":"tag-fil-info","15":"tag-fr","16":"tag-france","17":"tag-grand-est","18":"tag-news","19":"tag-republique-francaise","20":"tag-societe","21":"tag-strasbourg","22":"tag-strasbourg-ville"},"share_on_mastodon":{"url":"https:\/\/pubeurope.com\/@fr\/114869820651137763","error":""},"_links":{"self":[{"href":"https:\/\/www.europesays.com\/fr\/wp-json\/wp\/v2\/posts\/254463","targetHints":{"allow":["GET"]}}],"collection":[{"href":"https:\/\/www.europesays.com\/fr\/wp-json\/wp\/v2\/posts"}],"about":[{"href":"https:\/\/www.europesays.com\/fr\/wp-json\/wp\/v2\/types\/post"}],"author":[{"embeddable":true,"href":"https:\/\/www.europesays.com\/fr\/wp-json\/wp\/v2\/users\/2"}],"replies":[{"embeddable":true,"href":"https:\/\/www.europesays.com\/fr\/wp-json\/wp\/v2\/comments?post=254463"}],"version-history":[{"count":0,"href":"https:\/\/www.europesays.com\/fr\/wp-json\/wp\/v2\/posts\/254463\/revisions"}],"wp:featuredmedia":[{"embeddable":true,"href":"https:\/\/www.europesays.com\/fr\/wp-json\/wp\/v2\/media\/254464"}],"wp:attachment":[{"href":"https:\/\/www.europesays.com\/fr\/wp-json\/wp\/v2\/media?parent=254463"}],"wp:term":[{"taxonomy":"category","embeddable":true,"href":"https:\/\/www.europesays.com\/fr\/wp-json\/wp\/v2\/categories?post=254463"},{"taxonomy":"post_tag","embeddable":true,"href":"https:\/\/www.europesays.com\/fr\/wp-json\/wp\/v2\/tags?post=254463"}],"curies":[{"name":"wp","href":"https:\/\/api.w.org\/{rel}","templated":true}]}}