{"id":254465,"date":"2025-07-17T17:45:10","date_gmt":"2025-07-17T17:45:10","guid":{"rendered":"https:\/\/www.europesays.com\/fr\/254465\/"},"modified":"2025-07-17T17:45:10","modified_gmt":"2025-07-17T17:45:10","slug":"projet-heurts-avec-les-voisins-ce-que-lon-sait-sur-la-pension-de-famille-qui-ouvrira-a-cagnes-sur-mer-en-2026","status":"publish","type":"post","link":"https:\/\/www.europesays.com\/fr\/254465\/","title":{"rendered":"Projet, heurts avec les voisins\u2026 Ce que l\u2019on sait sur la \u00ab\u00a0pension de famille\u00a0\u00bb qui ouvrira \u00e0 Cagnes-sur-Mer en 2026"},"content":{"rendered":"<p>\u00ab\u00a0La villa fant\u00f4me\u00a0\u00bb.<\/p>\n<p>\u00c0 Cagnes-sur-Mer, tel fut longtemps le surnom de La Marcelline, b\u00e2tisse embl\u00e9matique de l\u2019avenue Ziem. Il faut dire que, outre sa belle tourelle en tuiles verniss\u00e9es dominant ce coin r\u00e9sidentiel, <a href=\"https:\/\/www.nicematin.com\/urbanisme\/a-l-abandon-depuis-2011-cette-maison-fantome-va-renaitre-a-cagnes-sur-mer-986482\" target=\"_blank\" rel=\"noopener\">peu de choses \u00e9taient perceptibles \u00e0 son sujet, nourrissant ainsi les l\u00e9gendes urbaines\u2026 du pass\u00e9<\/a>.<\/p>\n<p>L\u2019an prochain, la maison d\u00e9labr\u00e9e \u2013 \u00ab\u00a0et un temps squatt\u00e9\u00a0\u00bb, dixit le maire Louis N\u00e8gre \u2013 rena\u00eetra en une pension de famille, lieu \u00e0 caract\u00e8re social destin\u00e9 \u00e0 la r\u00e9insertion de personnes pr\u00e9caires. Impuls\u00e9 par la Ville, le chantier, dont la premi\u00e8re pierre a \u00e9t\u00e9 pos\u00e9e ce jeudi 17 juillet, alimente des craintes dans le voisinage.<\/p>\n<p>On fait le point.<\/p>\n<p>Qui participe au projet?<\/p>\n<p>D\u2019un co\u00fbt d\u20191,9 million d\u2019euros (1), le projet associe le bailleur social C\u00f4te d\u2019Azur habitat, la Ville et l\u2019association de gestion immobili\u00e8re \u00e0 vocation sociale Agis06, ma\u00eetre d\u2019\u0153uvre. Huit entreprises turbinent sur le chantier sous la houlette du cabinet d\u2019architectes ni\u00e7ois Nommos, sp\u00e9cialis\u00e9 dans la r\u00e9novation du b\u00e2ti ancien.<\/p>\n<p>Qu\u2019est-ce qu\u2019une pension de famille?<\/p>\n<p>La Marcelline se calque sur le mod\u00e8le de pensions de famille azur\u00e9ennes existantes. \u00c0 l\u2019instar de La Provence, situ\u00e9e \u00e0 Vence depuis 2018. Il s\u2019agira d\u2019une r\u00e9sidence sociale logeant des personnes fragiles (sans abri, en situation de handicap, sans emploi\u2026) aux revenus modestes (RSA, allocation adulte handicap\u00e9e, petite retraite\u2026) Objectif: leur remettre le pied \u00e0 l\u2019\u00e9tirer en rompant l\u2019isolement. Au sein du lieu, une h\u00f4te, sorte de chaperon\/assistante sociale, sera l\u00e0 du lundi au vendredi de 8h \u00e0 17h (avec astreinte t\u00e9l\u00e9phonique le week-end) pour accompagner les habitants et proposer des temps conviviaux dans les espaces communs. \u00ab\u00a0L\u2019id\u00e9e, c\u2019est de se recr\u00e9er une famille\u00a0\u00bb, explique St\u00e9phane Pennec, directeur d\u2019Agis06, association qui g\u00e8re le lieu, propri\u00e9t\u00e9 de C\u00f4te d\u2019Azur Habitat.<\/p>\n<p>Combien de logements et pour qui?<\/p>\n<p>La villa disposera de quinze logements sociaux de 22m2. \u00ab\u00a0Des studios avec kitchenette et salle d\u2019eau, accessible via un petit loyer [entre 300 et 500 euros]\u00a0\u00bb, d\u00e9taille le responsable. Parmi les lieux partag\u00e9s: salle de vie, cuisine, buanderie, jardin. Le public y est majeur et mixte: pas de famille mais des gens seuls ou en couple.<\/p>\n<p>Quand les locataires arriveront-ils?<\/p>\n<p>La Marcelline doit ouvrir d\u2019ici \u00e0 la fin du premier semestre 2026. C\u2019est le Centre communal d\u2019action sociale cagnois qui orientera alors les personnes isol\u00e9es de la commune \u2013 davantage des profils de seniors, mais pas que \u2013 vers le lieu.<\/p>\n<p>(1) Financ\u00e9 par l\u2019\u00c9tat, la Fondation pour le logement, AG2R La Mondiale, Cagnes, la M\u00e9tropole, le D\u00e9partement, ainsi qu\u2019un cr\u00e9dit aupr\u00e8s de la Caisse des d\u00e9p\u00f4ts.<\/p>\n<p>            \u00c9change muscl\u00e9 entre le maire et des riverains<\/p>\n<p>\u00ab Pas de maison de r\u00e9insertion, non ! \u00bb Au milieu de la petite foule venue assist\u00e9e \u00e0 la pose de la premi\u00e8re pierre, c\u2019est ce qu\u2019on peut lire sur la pancarte brandie par Fran\u00e7oise. Comme d\u2019autres, cette voisine de l\u2019avenue Ziem ne d\u00e9col\u00e8re pas. \u00ab On a appris le projet par la presse. C\u2019est quoi au juste ? Moi, je pense qu\u2019il y aura des gens qui sortent de prison\u2026 \u00bb, lance-t-elle.<\/p>\n<p>\u00ab Ce qu\u2019on d\u00e9nonce, c\u2019est le flou. Pension de famille, \u00e7a ne veut pas dire \u00e7a\u2026 On veut des r\u00e9ponses \u00bb, pose Michel, venu avec sa femme Genevi\u00e8ve et leur voisine Sylvia, tous r\u00e9sidents du (proche) passage du Dr-Calmette. Et ils ont \u00e9t\u00e9 servis. D\u00e9fendant \u00ab un projet humaniste \u00bb et une politique du logement \u00ab pour tous les Cagnois, pas seulement ceux qui ont une villa avec jardin \u00bb, le maire s\u2019est livr\u00e9 \u00e0 une explication de texte d\u00e9taill\u00e9e, tr\u00e8s cash. Et l\u2019\u00e9dile d\u2019\u00e9triller \u00ab la d\u00e9sinformation \u00e0 l\u2019\u0153uvre sur les r\u00e9seaux sociaux, o\u00f9 l\u2019Alliance des droites n\u2019a pas h\u00e9sit\u00e9 \u00e0 mettre le feu au quartier en postant que La Marcelline \u00e9tait remise en \u00e9tat pour recevoir des d\u00e9linquants multir\u00e9cidivistes. C\u2019est faux, c\u2019est une honte ! \u00bb<\/p>\n<p>Apr\u00e8s un ping-pong muscl\u00e9 avec les riverains, le maire leur a fait 3 propositions : les inviter \u00e0 l\u2019inauguration, leur permettre de constituer, sous l\u2019\u00e9gide d\u2019Agis 06, un groupe de suivi, et une visite la pension de famille ven\u00e7oise. \u00ab Je suis rassur\u00e9 \u00bb, r\u00e9agit Michel en apart\u00e9. \u00ab M\u00eame si on n\u2019est pas venu pour recevoir ses le\u00e7ons de morale ! \u00bb, rebondit Genevi\u00e8ve, agac\u00e9e par le ton du maire. Ambiance.<\/p>\n","protected":false},"excerpt":{"rendered":"\u00ab\u00a0La villa fant\u00f4me\u00a0\u00bb. \u00c0 Cagnes-sur-Mer, tel fut longtemps le surnom de La Marcelline, b\u00e2tisse embl\u00e9matique de l\u2019avenue Ziem.&hellip;\n","protected":false},"author":2,"featured_media":254466,"comment_status":"","ping_status":"","sticky":false,"template":"","format":"standard","meta":{"footnotes":""},"categories":[2819],"tags":[1111,11,1777,674,1011,27,12,2401,882,25,3366],"class_list":{"0":"post-254465","1":"post","2":"type-post","3":"status-publish","4":"format-standard","5":"has-post-thumbnail","7":"category-nice","8":"tag-actu","9":"tag-actualites","10":"tag-eu","11":"tag-europe","12":"tag-fr","13":"tag-france","14":"tag-news","15":"tag-nice","16":"tag-provence-alpes-cote-dazur","17":"tag-republique-francaise","18":"tag-vie-locale"},"share_on_mastodon":{"url":"https:\/\/pubeurope.com\/@fr\/114869824593218436","error":""},"_links":{"self":[{"href":"https:\/\/www.europesays.com\/fr\/wp-json\/wp\/v2\/posts\/254465","targetHints":{"allow":["GET"]}}],"collection":[{"href":"https:\/\/www.europesays.com\/fr\/wp-json\/wp\/v2\/posts"}],"about":[{"href":"https:\/\/www.europesays.com\/fr\/wp-json\/wp\/v2\/types\/post"}],"author":[{"embeddable":true,"href":"https:\/\/www.europesays.com\/fr\/wp-json\/wp\/v2\/users\/2"}],"replies":[{"embeddable":true,"href":"https:\/\/www.europesays.com\/fr\/wp-json\/wp\/v2\/comments?post=254465"}],"version-history":[{"count":0,"href":"https:\/\/www.europesays.com\/fr\/wp-json\/wp\/v2\/posts\/254465\/revisions"}],"wp:featuredmedia":[{"embeddable":true,"href":"https:\/\/www.europesays.com\/fr\/wp-json\/wp\/v2\/media\/254466"}],"wp:attachment":[{"href":"https:\/\/www.europesays.com\/fr\/wp-json\/wp\/v2\/media?parent=254465"}],"wp:term":[{"taxonomy":"category","embeddable":true,"href":"https:\/\/www.europesays.com\/fr\/wp-json\/wp\/v2\/categories?post=254465"},{"taxonomy":"post_tag","embeddable":true,"href":"https:\/\/www.europesays.com\/fr\/wp-json\/wp\/v2\/tags?post=254465"}],"curies":[{"name":"wp","href":"https:\/\/api.w.org\/{rel}","templated":true}]}}