{"id":254474,"date":"2025-07-17T17:52:12","date_gmt":"2025-07-17T17:52:12","guid":{"rendered":"https:\/\/www.europesays.com\/fr\/254474\/"},"modified":"2025-07-17T17:52:12","modified_gmt":"2025-07-17T17:52:12","slug":"un-nouvel-espace-accueille-les-patients-sans-depassement-dhonoraires-et-en-moins-de-2h","status":"publish","type":"post","link":"https:\/\/www.europesays.com\/fr\/254474\/","title":{"rendered":"un nouvel espace accueille les patients sans d\u00e9passement d\u2019honoraires et en moins de 2h"},"content":{"rendered":"<p>            Par<br \/>\n        <strong><br \/>\n            <a href=\"https:\/\/actu.fr\/auteur\/charlotte-lesprit\" title=\"Consulter tous les articles de Charlotte Lesprit\" target=\"_blank\" rel=\"noopener\">Charlotte Lesprit<\/a><br \/>\n        <\/strong><\/p>\n<p>        Publi\u00e9 le<\/p>\n<p>            17 juil. 2025 \u00e0 18h32        <\/p>\n<p>Quand <a href=\"https:\/\/actu.fr\/tag\/desertification-medicale\" target=\"_blank\" rel=\"noopener\">les d\u00e9serts m\u00e9dicaux<\/a> touchent aussi les m\u00e9tropoles, les offres de soins se r\u00e9inventent\u2026 \u00c0 Bordeaux, une initiative encore peu commune vient de voir le jour\u2009: lanc\u00e9 par deux amis m\u00e9decins urgentistes, le <strong>Centre m\u00e9dical de soins imm\u00e9diats<\/strong> (CMSI) du 17 rue Blanqui, dans le quartier Bacalan, a ouvert ses portes aux patients le 30 avril 2025. Inaugur\u00e9 officiellement ce 16 juillet, il est le 34e du groupe CMSI France.<\/p>\n<p class=\" wall-content\">\u00ab\u2009C\u2019est un <strong>investissement priv\u00e9 de soignants<\/strong> qui s\u2019engagent aupr\u00e8s des banques pour trouver des solutions\u2009\u00bb, clame au micro Boris Hirtzig, directeur g\u00e9n\u00e9ral du groupe. Premier centre bordelais, il arrive presque deux ans apr\u00e8s l\u2019ouverture de <strong>celui de Saint-Aubin-de-M\u00e9doc<\/strong>, lui aussi port\u00e9 par Georges Kaskas et Jean-Paul Lorendeau. Un troisi\u00e8me centre existe \u00e9galement \u00e0 Mios sur le <a href=\"https:\/\/actu.fr\/tag\/bassin-d-arcachon\" target=\"_blank\" rel=\"noopener\">bassin d\u2019Arcachon<\/a>.<\/p>\n<p class=\" wall-content\">Ce qui a pouss\u00e9 ces deux anciens m\u00e9decins du Samu \u00e0 se lancer\u2009: <strong>la volont\u00e9 d\u2019ind\u00e9pendance<\/strong>. \u00ab\u2009Nous voulions \u00eatre ma\u00eetres de nos propres initiatives\u2009\u00bb, mentionne\u00a0Georges Kaskas qui a \u00e9t\u00e9 urgentiste pendant huit ans et responsable du Smur \u00e0 P\u00e9rigueux.<\/p>\n<blockquote class=\"ac-article-quote wall-content\">\n<p>Nous avons pris tout ce qui fonctionne aux urgences. <\/p>\n<p>    <strong>Georges Kaskas<\/strong><br \/>\n        cog\u00e9rant du centre m\u00e9dical de soins imm\u00e9diats de Saint-Aubin-de-M\u00e9doc et Bacalan \u00e0 Bordeaux    <\/p><\/blockquote>\n<p class=\" wall-content\">Le m\u00e9decin \u00e9voque des<strong> conditions de travail d\u00e9grad\u00e9es aux urgences<\/strong> depuis la <a href=\"https:\/\/actu.fr\/nouvelle-aquitaine\/bordeaux_33063\/en-images-il-y-a-deux-ans-le-confinement-general-transformait-bordeaux-en-ville-fantome_49456079.html\" target=\"_blank\" rel=\"noopener\">pand\u00e9mie de Covid<\/a>, ainsi que sa volont\u00e9 de recentrer son activit\u00e9 \u00ab\u2009sur quelque chose de plus qualitatif et de plus humain\u2009\u00bb. Georges Kaskas, qui souhaitait prendre davantage de temps pour ses patients, reconna\u00eet aussi qu\u2019il a une certaine \u00ab\u2009fibre entrepreneuriale\u2009\u00bb.<\/p>\n<p>\u00ab\u2009D\u00e9sengorger les urgences\u2009\u00bb<\/p>\n<p class=\" wall-content\">\u00ab\u2009Le centre de Saint-Aubin, ouvert six jours sur sept, a accueilli<strong> 28\u2009000 patients<\/strong> au cours des douze derniers mois\u2009\u00bb, indique le m\u00e9decin. \u00c0 Bacalan, on enregistre actuellement une moyenne de 40 consultations par jour, avec pour objectif d\u2019atteindre les 150. Par ailleurs, seuls <strong>0,3\u2009% des patients ont \u00e9t\u00e9 r\u00e9orient\u00e9s<\/strong> et \u00ab\u200975\u2009% des consultations sont des motifs d\u2019urgence\u2009\u00bb.<\/p>\n<p class=\" wall-content\">En effet, plaies, fractures, pl\u00e2tres, \u00e9lectrocardiogramme ou encore points de sutures, ces deux CMSI disposent de <strong>boxes de consultations<\/strong> \u2014 six \u00e0 Bacalan \u2014 et d\u2019<strong>un vrai plateau technique<\/strong> avec une salle radio qui s\u2019appuie de l\u2019intelligence artificielle (une s\u00e9curit\u00e9 dans l\u2019orientation du diagnostic).<\/p>\n<p class=\" wall-content\">Leur objectif\u2009: \u00ab\u2009<a href=\"https:\/\/actu.fr\/nouvelle-aquitaine\/bordeaux_33063\/chu-de-bordeaux-une-nouvelle-unite-se-deplace-sans-medecin-pour-desengorger-les-urgences_60976781.html\" target=\"_blank\" rel=\"noopener\">d\u00e9sengorger les urgences<\/a> ainsi que voir et prendre en charge les patients en moins de deux heures\u2009\u00bb, mentionne Laetitia Costes, infirmi\u00e8re du centre. Et, comme<a href=\"https:\/\/actu.fr\/nouvelle-aquitaine\/bordeaux_33063\/crise-des-urgences-comment-le-chu-de-bordeaux-a-reanime-un-service-a-bout-de-souffle_62818779.html#:~:text=%C3%80%20l&#039;%C3%A9poque%2C%20la%20direction,%C3%A9tait%20pas%20encore%20en%20place.\" target=\"_blank\" rel=\"noopener\"> aux urgences de l\u2019h\u00f4pital<\/a>, les soins sont prioris\u00e9s et il n\u2019y a pas de suivi m\u00e9dical, ni de renouvellement d\u2019ordonnance car les CMSI sont d\u00e9di\u00e9s au traitement des <strong>pathologies non programm\u00e9es.<\/strong><\/p>\n<p>    <img   decoding=\"async\" loading=\"lazy\" src=\"https:\/\/www.europesays.com\/fr\/wp-content\/uploads\/2025\/07\/radio-cmsi-bordeaux-bacalan-960x640.jpeg\" alt=\"Une salle du centre permet au personnel m\u00e9dical qui a suivi une formation sp\u00e9cifique de faire passer des radios aux patients. \" width=\"960\" height=\"640\"\/><br \/>\n    Une salle du centre permet au personnel m\u00e9dical qui a suivi une formation sp\u00e9cifique de faire passer des radios aux patients. (\u00a9Charlotte Lesprit)Pas de d\u00e9passement d\u2019honoraires<\/p>\n<p class=\" wall-content\">Pour s\u2019y rendre, les r\u00e9flexes ne changent pas\u2009: le patient doit se munir de sa carte vitale et il n\u2019y a pas d\u2019\u00e2ge minimum pour les consultations qui peuvent \u00eatre p\u00e9diatriques. Les CMSI sont <strong>conventionn\u00e9s secteur 1<\/strong>, sans d\u00e9passement d\u2019honoraires.<\/p>\n<p class=\" wall-content\">Au total, <strong>neuf m\u00e9decins et cinq infirmiers<\/strong> se relaient sur les deux centres, avec un \u00e0 deux bin\u00f4mes m\u00e9decin-infirmier pr\u00e9sents chaque jour, sans oublier les secr\u00e9taires \u00e0 l\u2019accueil. Si celui de la rue Blanqui est actuellement ouvert <strong>du lundi au vendredi, de 9 \u00e0 19\u00a0heures<\/strong>, il a vocation \u00e0 ouvrir \u00e9galement les week-ends et jours f\u00e9ri\u00e9s, de 10 \u00e0 18\u00a0heures, d\u00e8s la rentr\u00e9e.<\/p>\n<p class=\" wall-content\">Suivez toute l\u2019actualit\u00e9 de vos villes et m\u00e9dias favoris en vous inscrivant \u00e0 <a href=\"https:\/\/moncompte.actu.fr\" title=\"D\u00e9couvez Mon Actu\" rel=\"nofollow noopener\" data-trk=\"{&quot;cta&quot;:{&quot;action&quot;:&quot;https:\\\/\\\/moncompte.actu.fr&quot;,&quot;category&quot;:&quot;mon compte&quot;,&quot;from&quot;:&quot;article footer&quot;,&quot;name&quot;:&quot;Mon actu&quot;,&quot;type&quot;:&quot;cta&quot;}}\" target=\"_blank\">Mon Actu<\/a>.<\/p>\n","protected":false},"excerpt":{"rendered":"Par Charlotte Lesprit Publi\u00e9 le 17 juil. 2025 \u00e0 18h32 Quand les d\u00e9serts m\u00e9dicaux touchent aussi les m\u00e9tropoles,&hellip;\n","protected":false},"author":2,"featured_media":254475,"comment_status":"","ping_status":"","sticky":false,"template":"","format":"standard","meta":{"footnotes":""},"categories":[2817],"tags":[1111,11,1997,11421,1777,674,1011,27,12,2219,25,71,104,6444],"class_list":{"0":"post-254474","1":"post","2":"type-post","3":"status-publish","4":"format-standard","5":"has-post-thumbnail","7":"category-bordeaux","8":"tag-actu","9":"tag-actualites","10":"tag-bordeaux","11":"tag-chu-de-bordeaux","12":"tag-eu","13":"tag-europe","14":"tag-fr","15":"tag-france","16":"tag-news","17":"tag-nouvelle-aquitaine","18":"tag-republique-francaise","19":"tag-sante","20":"tag-societe","21":"tag-urgences"},"share_on_mastodon":{"url":"https:\/\/pubeurope.com\/@fr\/114869852169053863","error":""},"_links":{"self":[{"href":"https:\/\/www.europesays.com\/fr\/wp-json\/wp\/v2\/posts\/254474","targetHints":{"allow":["GET"]}}],"collection":[{"href":"https:\/\/www.europesays.com\/fr\/wp-json\/wp\/v2\/posts"}],"about":[{"href":"https:\/\/www.europesays.com\/fr\/wp-json\/wp\/v2\/types\/post"}],"author":[{"embeddable":true,"href":"https:\/\/www.europesays.com\/fr\/wp-json\/wp\/v2\/users\/2"}],"replies":[{"embeddable":true,"href":"https:\/\/www.europesays.com\/fr\/wp-json\/wp\/v2\/comments?post=254474"}],"version-history":[{"count":0,"href":"https:\/\/www.europesays.com\/fr\/wp-json\/wp\/v2\/posts\/254474\/revisions"}],"wp:featuredmedia":[{"embeddable":true,"href":"https:\/\/www.europesays.com\/fr\/wp-json\/wp\/v2\/media\/254475"}],"wp:attachment":[{"href":"https:\/\/www.europesays.com\/fr\/wp-json\/wp\/v2\/media?parent=254474"}],"wp:term":[{"taxonomy":"category","embeddable":true,"href":"https:\/\/www.europesays.com\/fr\/wp-json\/wp\/v2\/categories?post=254474"},{"taxonomy":"post_tag","embeddable":true,"href":"https:\/\/www.europesays.com\/fr\/wp-json\/wp\/v2\/tags?post=254474"}],"curies":[{"name":"wp","href":"https:\/\/api.w.org\/{rel}","templated":true}]}}