{"id":254490,"date":"2025-07-17T18:00:11","date_gmt":"2025-07-17T18:00:11","guid":{"rendered":"https:\/\/www.europesays.com\/fr\/254490\/"},"modified":"2025-07-17T18:00:11","modified_gmt":"2025-07-17T18:00:11","slug":"mercato-lyon-cest-bien-parti-pour-une-prolongation-de-clinton-mata","status":"publish","type":"post","link":"https:\/\/www.europesays.com\/fr\/254490\/","title":{"rendered":"Mercato Lyon\u00a0: c\u2019est bien parti pour une prolongation de Clinton Mata"},"content":{"rendered":"<p class=\"paragraph text_align_left lp-f-body-02\">C\u2019est une premi\u00e8re bonne nouvelle depuis <a href=\"https:\/\/www.leparisien.fr\/sports\/football\/ligue-1\/lyon-maintenu-en-ligue-1-encadrement-de-la-masse-salariale-et-des-indemnites-de-mutation-ca-veut-dire-quoi-09-07-2025-5WAINLZQK5CRZNWOHEWFARUJRQ.php\" target=\"_self\" rel=\"nofollow noopener\">le maintien en Ligue 1<\/a>. Enclench\u00e9es depuis plusieurs semaines, les n\u00e9gociations pour une prolongation de Clinton Mata \u00e0 l\u2019OL sont en passe d\u2019aboutir. Selon nos informations, les deux parties sont d\u2019accord pour continuer l\u2019aventure ensemble.<\/p>\n<p class=\"paragraph text_align_left lp-f-body-02\">D\u2019abord lat\u00e9ral droit, l\u2019Angolais a aussi rendu de fiers services dans l\u2019axe de la d\u00e9fense aux c\u00f4t\u00e9s de Moussa Niakhat\u00e9. Le d\u00e9fenseur de 32 ans se sent bien sur les bords du Rh\u00f4ne o\u00f9 il est sous contrat jusqu\u2019en 2026.<\/p>\n<p class=\"paragraph text_align_left lp-f-body-02\">Les \u00e9changes portent sur une extension de deux ans, soit jusqu\u2019en 2028. Les diff\u00e9rentes parties doivent maintenant convenir d\u2019une date de signature.<\/p>\n","protected":false},"excerpt":{"rendered":"C\u2019est une premi\u00e8re bonne nouvelle depuis le maintien en Ligue 1. Enclench\u00e9es depuis plusieurs semaines, les n\u00e9gociations pour&hellip;\n","protected":false},"author":2,"featured_media":254491,"comment_status":"","ping_status":"","sticky":false,"template":"","format":"standard","meta":{"footnotes":""},"categories":[1889],"tags":[1111,11,2430,1777,674,63,1011,27,66,2428,12,25,60],"class_list":{"0":"post-254490","1":"post","2":"type-post","3":"status-publish","4":"format-standard","5":"has-post-thumbnail","7":"category-lyon","8":"tag-actu","9":"tag-actualites","10":"tag-auvergne-rhone-alpes","11":"tag-eu","12":"tag-europe","13":"tag-football","14":"tag-fr","15":"tag-france","16":"tag-ligue-1","17":"tag-lyon","18":"tag-news","19":"tag-republique-francaise","20":"tag-sports"},"share_on_mastodon":{"url":"https:\/\/pubeurope.com\/@fr\/114869883547399513","error":""},"_links":{"self":[{"href":"https:\/\/www.europesays.com\/fr\/wp-json\/wp\/v2\/posts\/254490","targetHints":{"allow":["GET"]}}],"collection":[{"href":"https:\/\/www.europesays.com\/fr\/wp-json\/wp\/v2\/posts"}],"about":[{"href":"https:\/\/www.europesays.com\/fr\/wp-json\/wp\/v2\/types\/post"}],"author":[{"embeddable":true,"href":"https:\/\/www.europesays.com\/fr\/wp-json\/wp\/v2\/users\/2"}],"replies":[{"embeddable":true,"href":"https:\/\/www.europesays.com\/fr\/wp-json\/wp\/v2\/comments?post=254490"}],"version-history":[{"count":0,"href":"https:\/\/www.europesays.com\/fr\/wp-json\/wp\/v2\/posts\/254490\/revisions"}],"wp:featuredmedia":[{"embeddable":true,"href":"https:\/\/www.europesays.com\/fr\/wp-json\/wp\/v2\/media\/254491"}],"wp:attachment":[{"href":"https:\/\/www.europesays.com\/fr\/wp-json\/wp\/v2\/media?parent=254490"}],"wp:term":[{"taxonomy":"category","embeddable":true,"href":"https:\/\/www.europesays.com\/fr\/wp-json\/wp\/v2\/categories?post=254490"},{"taxonomy":"post_tag","embeddable":true,"href":"https:\/\/www.europesays.com\/fr\/wp-json\/wp\/v2\/tags?post=254490"}],"curies":[{"name":"wp","href":"https:\/\/api.w.org\/{rel}","templated":true}]}}