{"id":254498,"date":"2025-07-17T18:05:10","date_gmt":"2025-07-17T18:05:10","guid":{"rendered":"https:\/\/www.europesays.com\/fr\/254498\/"},"modified":"2025-07-17T18:05:10","modified_gmt":"2025-07-17T18:05:10","slug":"cest-lendroit-ou-il-faut-etre-le-rn-thierry-mariani-sera-lui-aussi-candidat-a-la-legislative-partielle-a-paris","status":"publish","type":"post","link":"https:\/\/www.europesays.com\/fr\/254498\/","title":{"rendered":"\u00ab C\u2019est l\u2019endroit o\u00f9 il faut \u00eatre \u00bb : le RN Thierry Mariani sera lui aussi candidat \u00e0 la l\u00e9gislative partielle \u00e0 Paris"},"content":{"rendered":"<p class=\"paragraph text_align_left lp-f-body-02\">D\u00e9cid\u00e9ment, la l\u00e9gislative partielle dans la 2e circonscription de Paris fait tourner la t\u00eate de toute la classe politique ! Apr\u00e8s <a href=\"https:\/\/www.leparisien.fr\/elections\/legislatives\/rachida-dati-face-a-michel-barnier-aux-legislatives-a-paris-cest-illisible-pour-les-electeurs-16-07-2025-27GHOS354BGI7AZXQXAT3BAQKI.php\" target=\"_self\" rel=\"nofollow noopener\">Michel Barnier<\/a> qui a publiquement annonc\u00e9 qu\u2019il serait candidat pour porter les couleurs de LR et <a href=\"https:\/\/www.leparisien.fr\/politique\/rachida-dati\/\" target=\"_self\" rel=\"nofollow noopener\">Rachida Dati<\/a> qui devrait aussi se lancer dans ce territoire qui englobe le VIIe arrondissement dont elle est la maire, c\u2019est au tour de l\u2019eurod\u00e9put\u00e9 RN Thierry Mariani de se lancer, selon nos informations.<\/p>\n<p>\u00ab Cette \u00e9lection va prendre de l\u2019importance \u00bb<\/p>\n<p class=\"paragraph text_align_left lp-f-body-02\">Comme Rachida Dati, Thierry Mariani, ancien ministre de Nicolas Sarkozy, pass\u00e9 au RN il y a cinq ans, visait jusqu\u2019alors uniquement la mairie de Paris. Mais constatant la multiplication des candidatures de personnalit\u00e9s de renom, il s\u2019est d\u00e9cid\u00e9 \u00e0 candidater \u00e0 la d\u00e9putation \u00e0 son tour. \u00ab Cette \u00e9lection va prendre de l\u2019importance. C\u2019est l\u2019endroit o\u00f9 il faut \u00eatre ! Ca serait anormal que les patriotes ne soient pas repr\u00e9sent\u00e9s dans la campagne \u00bb, s\u2019enthousiasme l\u2019eurod\u00e9put\u00e9 RN.<\/p>\n<p class=\"paragraph text_align_left lp-f-body-02\">\u00ab Entre Michel Barnier, qui a \u00e9t\u00e9 Premier ministre d\u2019Emmanuel Macron, Rachida Dati qui est ministre d\u2019Emmanuel Macron et peut-\u00eatre <a href=\"https:\/\/www.leparisien.fr\/elections\/legislatives\/legislative-partielle-a-paris-la-ministre-clara-chappaz-pressentie-pour-defier-dati-et-barnier-16-07-2025-GMTO5YVULVCSFE52O3UGJG22RY.php\" target=\"_self\" rel=\"nofollow noopener\">Claire Chappaz<\/a> (la ministre d\u00e9l\u00e9gu\u00e9e au Num\u00e9rique qui a fait part de son int\u00e9r\u00eat pour une candidature Renaissance) qui est aussi ministre d\u2019Emmanuel Macron, il faut aussi de la place pour une vraie opposition \u00bb, fait valoir Thierry Mariani qui habite le VIIe arrondissement.<\/p>\n<p class=\"paragraph text_align_left lp-f-body-02\">Le futur candidat a d\u00e9j\u00e0 pr\u00e9venu Marine Le Pen et Jordan Bardella ainsi que les responsables de la commission nationale d\u2019investiture (CNI) du RN qu\u2019il souhaitait candidater. <\/p>\n","protected":false},"excerpt":{"rendered":"D\u00e9cid\u00e9ment, la l\u00e9gislative partielle dans la 2e circonscription de Paris fait tourner la t\u00eate de toute la classe&hellip;\n","protected":false},"author":2,"featured_media":254499,"comment_status":"","ping_status":"","sticky":false,"template":"","format":"standard","meta":{"footnotes":""},"categories":[1888],"tags":[11,5949,1777,674,1011,27,39201,12,626,316,25],"class_list":{"0":"post-254498","1":"post","2":"type-post","3":"status-publish","4":"format-standard","5":"has-post-thumbnail","7":"category-paris","8":"tag-actualites","9":"tag-elections","10":"tag-eu","11":"tag-europe","12":"tag-fr","13":"tag-france","14":"tag-legislatives","15":"tag-news","16":"tag-paris","17":"tag-politique","18":"tag-republique-francaise"},"share_on_mastodon":{"url":"https:\/\/pubeurope.com\/@fr\/114869903225572106","error":""},"_links":{"self":[{"href":"https:\/\/www.europesays.com\/fr\/wp-json\/wp\/v2\/posts\/254498","targetHints":{"allow":["GET"]}}],"collection":[{"href":"https:\/\/www.europesays.com\/fr\/wp-json\/wp\/v2\/posts"}],"about":[{"href":"https:\/\/www.europesays.com\/fr\/wp-json\/wp\/v2\/types\/post"}],"author":[{"embeddable":true,"href":"https:\/\/www.europesays.com\/fr\/wp-json\/wp\/v2\/users\/2"}],"replies":[{"embeddable":true,"href":"https:\/\/www.europesays.com\/fr\/wp-json\/wp\/v2\/comments?post=254498"}],"version-history":[{"count":0,"href":"https:\/\/www.europesays.com\/fr\/wp-json\/wp\/v2\/posts\/254498\/revisions"}],"wp:featuredmedia":[{"embeddable":true,"href":"https:\/\/www.europesays.com\/fr\/wp-json\/wp\/v2\/media\/254499"}],"wp:attachment":[{"href":"https:\/\/www.europesays.com\/fr\/wp-json\/wp\/v2\/media?parent=254498"}],"wp:term":[{"taxonomy":"category","embeddable":true,"href":"https:\/\/www.europesays.com\/fr\/wp-json\/wp\/v2\/categories?post=254498"},{"taxonomy":"post_tag","embeddable":true,"href":"https:\/\/www.europesays.com\/fr\/wp-json\/wp\/v2\/tags?post=254498"}],"curies":[{"name":"wp","href":"https:\/\/api.w.org\/{rel}","templated":true}]}}