{"id":254502,"date":"2025-07-17T18:07:11","date_gmt":"2025-07-17T18:07:11","guid":{"rendered":"https:\/\/www.europesays.com\/fr\/254502\/"},"modified":"2025-07-17T18:07:11","modified_gmt":"2025-07-17T18:07:11","slug":"francis-lalanne-glorifie-la-russie-poutine-salue-lengagement-de-lartiste-avec-un-portrait-dedicace","status":"publish","type":"post","link":"https:\/\/www.europesays.com\/fr\/254502\/","title":{"rendered":"Francis Lalanne glorifie la Russie, Poutine salue l\u2019engagement de l\u2019artiste avec un portrait d\u00e9dicac\u00e9"},"content":{"rendered":"<p>\n                                                                    l&rsquo;essentiel<br \/>\n                                                                Francis Lalanne a re\u00e7u\u00a0un portrait de Vladimir Poutine d\u00e9dicac\u00e9 par le dirigeant russe, le mercredi 16\u00a0juillet.\u00a0Une cons\u00e9cration pour l\u2019artiste qui chante les louanges du Kremlin depuis plusieurs ann\u00e9es.\n                            <\/p>\n<p>Vladimir Poutine a envoy\u00e9 son portrait d\u00e9dicac\u00e9 \u00e0 Francis Lalanne, le mercredi 16\u00a0juillet. Ce\u00a0pr\u00e9cieux pr\u00e9sent\u00a0n\u2019a pas \u00e9t\u00e9 remis en mains propres. L\u2019artiste a \u00e9t\u00e9 re\u00e7u par l\u2019ambassadeur de Russie en France, Alexey Meshkov. Une\u00a0cons\u00e9cration pour l\u2019artiste qui chante les louanges du Kremlin depuis plusieurs ann\u00e9es et visiblement \u00e9mu, comme en t\u00e9moignent les clich\u00e9s partag\u00e9s par l\u2019ambassade de Russie sur X.<\/p>\n<blockquote data-class=\"twitter-tweet\">\n<p lang=\"fr\" dir=\"ltr\">\\ud83d\\uddd3\\ud83c\\uddf7\\ud83c\\uddfaS.E.M. Alexey Meshkov, Ambassadeur de Russie en France, a remis, le 16 juillet 2025, en main propre au chanteur, \u00e9crivain et figure publique fran\u00e7aise Francis\u00a0Lalanne un portrait d\u00e9dicac\u00e9 du Pr\u00e9sident russe Vladimir Poutine. <a href=\"https:\/\/t.co\/JiB5VujgrJ\" rel=\"nofollow\">pic.twitter.com\/JiB5VujgrJ<\/a><\/p>\n<p>\u2014 Russie en France (@AmbRusFrance) <a href=\"https:\/\/twitter.com\/AmbRusFrance\/status\/1945527959483256999?ref_src=twsrc%5Etfw\" rel=\"nofollow noopener\" target=\"_blank\">July 16, 2025<\/a><\/p><\/blockquote>\n<p class=\"std-elt__inline\">\n        <strong>\u00c0 lire aussi :<\/strong><br \/>\n        <a href=\"https:\/\/www.ladepeche.fr\/2025\/07\/10\/decryptage-guerre-en-ukraine-non-seulement-il-le-balade-mais-il-le-nargue-pourquoi-vladimir-poutine-joue-un-jeu-dangereux-avec-donald-trump-12816208.php\" rel=\"nofollow noopener\" target=\"_blank\">DECRYPTAGE. Guerre en Ukraine\u00a0: \u00ab\u00a0Non seulement il le balade, mais il le nargue\u00a0\u00bb\u2026 Pourquoi Vladimir Poutine joue un jeu dangereux avec Donald Trump<\/a>\n    <\/p>\n<p>Un s\u00e9jour en Russie et des prises de position pro-russes<\/p>\n<p>Le chanteur fran\u00e7ais avait \u00e9t\u00e9 aper\u00e7u en Russie \u00e0\u00a0l\u2019occasion des c\u00e9l\u00e9brations du 9\u00a0mai, date anniversaire de la victoire de la Grande Guerre patriotique en 1945. Il avait profit\u00e9 de ce s\u00e9jour pour fustiger sur une t\u00e9l\u00e9vision la \u00ab\u00a0propagande relay\u00e9e en France\u00a0\u00bb\u00a0et le \u00ab\u00a0r\u00e9gime totalitaire\u00a0\u00bb\u00a0d\u2019Emmanuel Macron, estimant que jamais la Russie \u00ab\u00a0n\u2019a \u00e9t\u00e9 responsable\u00a0\u00bb\u00a0des dissensions entre les deux pays, rappelle <a href=\"https:\/\/www.lefigaro.fr\/musique\/francis-lalanne-a-recu-un-portrait-dedicace-de-vladimir-poutine-20250717\" target=\"_self\" rel=\"nofollow noopener\">Le Figaro<\/a>.<\/p>\n<p class=\"std-elt__inline\">\n        <strong>\u00c0 lire aussi :<\/strong><br \/>\n        <a href=\"https:\/\/www.ladepeche.fr\/2025\/07\/17\/guerre-en-ukraine-bombardements-massifs-acces-humanitaire-bloque-les-attaques-russes-ont-fait-exploser-le-nombre-de-victimes-civiles-en-2025-12830742.php\" rel=\"nofollow noopener\" target=\"_blank\">Guerre en Ukraine\u00a0: bombardements massifs, acc\u00e8s humanitaire bloqu\u00e9\u2026 Les attaques russes ont fait exploser le nombre de victimes civiles en 2025<\/a>\n    <\/p>\n<p>Le 15\u00a0avril, Francis Lalanne avait minimis\u00e9 les crimes commis par la Russie en Ukraine au micro d\u2019<a href=\"https:\/\/www.youtube.com\/watch?v=i-0BX48Bxoc\" target=\"_self\" rel=\"nofollow noopener\">Europe 1<\/a>, affirmant que le conflit avec l\u2019Ukraine \u00e9tait un \u00ab\u00a0litige\u00a0\u00bb\u00a0et exprimant ses r\u00e9serves sur la v\u00e9racit\u00e9 des frappes russes contre la ville de Soumy, tuant 35 civils.<\/p>\n<p>Son dernier clip intitul\u00e9 \u00ab\u00a0Ma Russie\u00a0\u00bb<\/p>\n<p>Mais ses louages \u00e0 la Russie ne s\u2019arr\u00eatent pas \u00e0 des interventions m\u00e9diatiques, elles marquent maintenant son m\u00e9tier d\u2019artiste. Dans son dernier clip, intitul\u00e9 \u00ab\u00a0Ma Russie\u00a0\u00bb, sorti d\u00e9but juin, Francis Lalanne interpr\u00e8te des paroles patriotiques aux c\u00f4t\u00e9s de la chanteuse russe Elena Maximova. Dans cette vid\u00e9o, l\u2019artiste fran\u00e7ais embrasse fi\u00e8rement son\u00a0pull estampill\u00e9 d\u2019un drapeau russe et du nom du parti pr\u00e9sidentiel \u00ab\u00a0Front Populaire\u00a0\u00bb.<\/p>\n<p>Toutes ses prises de position ont donc \u00e9t\u00e9 salu\u00e9es par le pr\u00e9sident russe, avec l\u2019envoi de ce\u00a0portrait et de sa\u00a0signature, en signe de reconnaissance.<\/p>\n<p>                                                                                                                                                                                                        <script async src=\"https:\/\/platform.twitter.com\/widgets.js\" charset=\"utf-8\"><\/script><\/p>\n","protected":false},"excerpt":{"rendered":"l&rsquo;essentiel Francis Lalanne a re\u00e7u\u00a0un portrait de Vladimir Poutine d\u00e9dicac\u00e9 par le dirigeant russe, le mercredi 16\u00a0juillet.\u00a0Une cons\u00e9cration&hellip;\n","protected":false},"author":2,"featured_media":254503,"comment_status":"","ping_status":"","sticky":false,"template":"","format":"standard","meta":{"footnotes":""},"categories":[1591],"tags":[11,1887,12,1885,1886,132],"class_list":{"0":"post-254502","1":"post","2":"type-post","3":"status-publish","4":"format-standard","5":"has-post-thumbnail","7":"category-russie","8":"tag-actualites","9":"tag-federation-de-russie","10":"tag-news","11":"tag-russia","12":"tag-russian-federation","13":"tag-russie"},"share_on_mastodon":{"url":"https:\/\/pubeurope.com\/@fr\/114869911106079530","error":""},"_links":{"self":[{"href":"https:\/\/www.europesays.com\/fr\/wp-json\/wp\/v2\/posts\/254502","targetHints":{"allow":["GET"]}}],"collection":[{"href":"https:\/\/www.europesays.com\/fr\/wp-json\/wp\/v2\/posts"}],"about":[{"href":"https:\/\/www.europesays.com\/fr\/wp-json\/wp\/v2\/types\/post"}],"author":[{"embeddable":true,"href":"https:\/\/www.europesays.com\/fr\/wp-json\/wp\/v2\/users\/2"}],"replies":[{"embeddable":true,"href":"https:\/\/www.europesays.com\/fr\/wp-json\/wp\/v2\/comments?post=254502"}],"version-history":[{"count":0,"href":"https:\/\/www.europesays.com\/fr\/wp-json\/wp\/v2\/posts\/254502\/revisions"}],"wp:featuredmedia":[{"embeddable":true,"href":"https:\/\/www.europesays.com\/fr\/wp-json\/wp\/v2\/media\/254503"}],"wp:attachment":[{"href":"https:\/\/www.europesays.com\/fr\/wp-json\/wp\/v2\/media?parent=254502"}],"wp:term":[{"taxonomy":"category","embeddable":true,"href":"https:\/\/www.europesays.com\/fr\/wp-json\/wp\/v2\/categories?post=254502"},{"taxonomy":"post_tag","embeddable":true,"href":"https:\/\/www.europesays.com\/fr\/wp-json\/wp\/v2\/tags?post=254502"}],"curies":[{"name":"wp","href":"https:\/\/api.w.org\/{rel}","templated":true}]}}