{"id":254506,"date":"2025-07-17T18:09:10","date_gmt":"2025-07-17T18:09:10","guid":{"rendered":"https:\/\/www.europesays.com\/fr\/254506\/"},"modified":"2025-07-17T18:09:10","modified_gmt":"2025-07-17T18:09:10","slug":"des-tonnes-daide-alimentaire-perimees-et-detruites-ladministration-trump-jugee-responsable-liberation","status":"publish","type":"post","link":"https:\/\/www.europesays.com\/fr\/254506\/","title":{"rendered":"Des tonnes d\u2019aide alimentaire p\u00e9rim\u00e9es et d\u00e9truites, l\u2019administration Trump jug\u00e9e responsable \u2013 Lib\u00e9ration"},"content":{"rendered":"<p class=\"sc-ksZaOG ehjQrN text-element\">C\u2019est une nouvelle victime collat\u00e9rale de l\u2019id\u00e9ologie \u00abAmerica First\u00bb port\u00e9e par le pr\u00e9sident des Etats-Unis. 500 tonnes de biscuits destin\u00e9s \u00e0 l\u2019aide alimentaire des enfants en situation de malnutrition en Afghanistan et au Pakistan seront bient\u00f4t d\u00e9truites, leur date de p\u00e9remption ayant \u00e9t\u00e9 d\u00e9pass\u00e9e en juillet. A l\u2019heure o\u00f9 l\u2019administration Trump <a href=\"https:\/\/www.liberation.fr\/international\/amerique\/etats-unis-le-gel-de-laide-etrangere-fait-devisser-la-planete-humanitaire-20250131_KXTP2PXSFJHGXOMWLH2VJSYR4I\/?redirected=1\" target=\"_blank\" rel=\"nofollow noopener\" title=\"https:\/\/www.liberation.fr\/international\/amerique\/etats-unis-le-gel-de-laide-etrangere-fait-devisser-la-planete-humanitaire-20250131_KXTP2PXSFJHGXOMWLH2VJSYR4I\/?redirected=1\">r\u00e9vise drastiquement \u00e0 la baisse son aide internationale<\/a> \u2013 au profit de ses priorit\u00e9s diplomatiques \u2013 la presse am\u00e9ricaine accuse le locataire de la Maison Blanche d\u2019\u00eatre responsable d\u2019un tel gaspillage.<\/p>\n<p class=\"sc-ksZaOG ehjQrN text-element\">Selon <a href=\"https:\/\/www.theatlantic.com\/health\/archive\/2025\/07\/usaid-emergency-food-incinerate-trump\/683532\/\" target=\"_blank\" rel=\"nofollow noopener\" title=\"https:\/\/www.theatlantic.com\/health\/archive\/2025\/07\/usaid-emergency-food-incinerate-trump\/683532\/\">le magazine am\u00e9ricain The Atlantic<\/a>, ces biscuits \u00e0 haute teneur \u00e9nerg\u00e9tique avaient \u00e9t\u00e9 achet\u00e9s par les Etats-Unis \u00e0 la fin du mandat de Joe Biden. Depuis, leur non-distribution est pr\u00e9sent\u00e9e par le magazine comme une cons\u00e9quence directe de la fermeture de l\u2019USaid, qui a cess\u00e9 d\u2019exister <\/p>\n","protected":false},"excerpt":{"rendered":"C\u2019est une nouvelle victime collat\u00e9rale de l\u2019id\u00e9ologie \u00abAmerica First\u00bb port\u00e9e par le pr\u00e9sident des Etats-Unis. 500 tonnes de&hellip;\n","protected":false},"author":2,"featured_media":254507,"comment_status":"","ping_status":"","sticky":false,"template":"","format":"standard","meta":{"footnotes":""},"categories":[1589],"tags":[11,75,73,1866,12,1864,1865,1863,308],"class_list":{"0":"post-254506","1":"post","2":"type-post","3":"status-publish","4":"format-standard","5":"has-post-thumbnail","7":"category-etats-unis","8":"tag-actualites","9":"tag-donald-trump","10":"tag-etats-unis","11":"tag-etats-unis-damerique","12":"tag-news","13":"tag-united-states","14":"tag-united-states-of-america","15":"tag-us","16":"tag-usa"},"share_on_mastodon":{"url":"https:\/\/pubeurope.com\/@fr\/114869918944071012","error":""},"_links":{"self":[{"href":"https:\/\/www.europesays.com\/fr\/wp-json\/wp\/v2\/posts\/254506","targetHints":{"allow":["GET"]}}],"collection":[{"href":"https:\/\/www.europesays.com\/fr\/wp-json\/wp\/v2\/posts"}],"about":[{"href":"https:\/\/www.europesays.com\/fr\/wp-json\/wp\/v2\/types\/post"}],"author":[{"embeddable":true,"href":"https:\/\/www.europesays.com\/fr\/wp-json\/wp\/v2\/users\/2"}],"replies":[{"embeddable":true,"href":"https:\/\/www.europesays.com\/fr\/wp-json\/wp\/v2\/comments?post=254506"}],"version-history":[{"count":0,"href":"https:\/\/www.europesays.com\/fr\/wp-json\/wp\/v2\/posts\/254506\/revisions"}],"wp:featuredmedia":[{"embeddable":true,"href":"https:\/\/www.europesays.com\/fr\/wp-json\/wp\/v2\/media\/254507"}],"wp:attachment":[{"href":"https:\/\/www.europesays.com\/fr\/wp-json\/wp\/v2\/media?parent=254506"}],"wp:term":[{"taxonomy":"category","embeddable":true,"href":"https:\/\/www.europesays.com\/fr\/wp-json\/wp\/v2\/categories?post=254506"},{"taxonomy":"post_tag","embeddable":true,"href":"https:\/\/www.europesays.com\/fr\/wp-json\/wp\/v2\/tags?post=254506"}],"curies":[{"name":"wp","href":"https:\/\/api.w.org\/{rel}","templated":true}]}}