{"id":254510,"date":"2025-07-17T18:11:10","date_gmt":"2025-07-17T18:11:10","guid":{"rendered":"https:\/\/www.europesays.com\/fr\/254510\/"},"modified":"2025-07-17T18:11:10","modified_gmt":"2025-07-17T18:11:10","slug":"lallemagne-et-le-royaume-uni-signent-un-traite-inedit-sur-la-defense-et-les-migrations","status":"publish","type":"post","link":"https:\/\/www.europesays.com\/fr\/254510\/","title":{"rendered":"L&rsquo;Allemagne et le Royaume-Uni signent un trait\u00e9 \u00ab\u00a0in\u00e9dit\u00a0\u00bb sur la d\u00e9fense et les migrations"},"content":{"rendered":"<p>            <img decoding=\"async\" class=\"c-ad__placeholder__logo\" src=\"https:\/\/static.euronews.com\/website\/images\/logos\/logo-euronews-grey-6-180x22.svg\" width=\"180\" height=\"22\" alt=\"\" loading=\"lazy\"\/><br \/>\n            PUBLICIT\u00c9<\/p>\n<p>Le Premier ministre britannique Keir Starmer et le chancelier allemand Friedrich Merz ont sign\u00e9 un trait\u00e9 de d\u00e9fense et de migration \u00ab\u00a0unique en son genre\u00a0\u00bb entre les deux pays, formalisant l&rsquo;engagement de chaque pays \u00e0 venir en aide \u00e0 l&rsquo;autre en cas d&rsquo;attaque.<\/p>\n<p>\u00ab\u00a0C&rsquo;est un jour historique pour les relations germano-britanniques\u00a0\u00bb, a d\u00e9clar\u00e9 le chef du gouvernement allemand, qui effectuait sa premi\u00e8re visite officielle au Royaume-Uni depuis sa prise de fonctions en mai.<\/p>\n<p>\u00ab\u00a0Nous voulons collaborer plus \u00e9troitement, en particulier apr\u00e8s le retrait du Royaume-Uni de l&rsquo;Union europ\u00e9enne. Il est grand temps pour nous de conclure un tel trait\u00e9 entre nous\u00a0\u00bb, a-t-il ajout\u00e9.<\/p>\n<p>Keir Starmer a qualifi\u00e9 le trait\u00e9 d'\u00a0\u00bbunique en son genre\u00a0\u00bb. Pour le dirigeant britannique, il s&rsquo;agit d&rsquo;une \u00ab\u00a0d\u00e9claration d&rsquo;intention, une d\u00e9claration de notre ambition de travailler toujours plus \u00e9troitement ensemble\u00a0\u00bb.<\/p>\n<p>Le pacte cible \u00e9galement les passeurs et comprend un engagement de Berlin \u00e0 faire de la facilitation du trafic de migrants vers le Royaume-Uni un d\u00e9lit p\u00e9nal.<\/p>\n<p>\u00ab\u00a0L&rsquo;engagement du chancelier Merz \u00e0 apporter les modifications n\u00e9cessaires \u00e0 la l\u00e9gislation allemande afin de perturber les lignes d&rsquo;approvisionnement des dangereux navires qui transportent les migrants ill\u00e9gaux \u00e0 travers la Manche est extr\u00eamement bienvenu\u00a0\u00bb, a d\u00e9clar\u00e9 le Premier ministre.<\/p>\n<p>Selon un communiqu\u00e9 de Downing Street, le changement juridique &#8211; qui devrait \u00eatre adopt\u00e9 d&rsquo;ici la fin de l&rsquo;ann\u00e9e &#8211; donnerait aux autorit\u00e9s allemandes des pouvoirs accrus pour enqu\u00eater et prendre des mesures contre les entrep\u00f4ts et les installations de stockage utilis\u00e9s par les passeurs pour cacher les petites embarcations destin\u00e9es \u00e0 traverser la Manche.<\/p>\n<p>Le trait\u00e9 s&rsquo;appuie sur un pacte de d\u00e9fense sign\u00e9 l&rsquo;ann\u00e9e derni\u00e8re par le Royaume-Uni et l&rsquo;Allemagne, deux des plus grands soutiens europ\u00e9ens de l&rsquo;Ukraine, qui se sont engag\u00e9s \u00e0 coop\u00e9rer plus \u00e9troitement pour faire face \u00e0 la menace croissante de la Russie.<\/p>\n<p>De nouveaux ponts avec l&rsquo;Europe<\/p>\n<p>Keir Starmer s&rsquo;est efforc\u00e9 d&rsquo;am\u00e9liorer les relations tendues avec les voisins continentaux du Royaume-Uni apr\u00e8s le Brexit en 2020.<\/p>\n<p>S&rsquo;il a exclu de r\u00e9int\u00e9grer le march\u00e9 unique des 27 \u00c9tats membres, le leader travailliste a cherch\u00e9 \u00e0 renforcer la coop\u00e9ration en mati\u00e8re de d\u00e9fense et \u00e0 r\u00e9duire les barri\u00e8res commerciales par le biais de nouveaux accords.<\/p>\n<p>Au cours d&rsquo;un d\u00e9jeuner de travail au 10, Downing Street, les deux alli\u00e9s ont \u00e9galement discut\u00e9 des moyens de renforcer le soutien de l&rsquo;Europe \u00e0 l&rsquo;Ukraine, et notamment de l&rsquo;annonce de l&rsquo;ouverture d&rsquo;une usine au Royaume-Uni par la start-up allemande Stark, qui fabrique des drones pour Kyiv.<\/p>\n<p>Un document publi\u00e9 par le gouvernement allemand indique que les deux pays se sont engag\u00e9s \u00e0 renforcer leur coop\u00e9ration dans le cadre d&rsquo;exercices militaires et d&rsquo;entra\u00eenement conjoints, ainsi qu&rsquo;\u00e0 collaborer dans la lutte contre les cybermenaces et la guerre de l&rsquo;information.<\/p>\n<p>Les dirigeants ont \u00e9galement d\u00e9voil\u00e9 une campagne d&rsquo;exportation conjointe visant \u00e0 coproduire des \u00e9quipements tels que les v\u00e9hicules blind\u00e9s Boxer et les avions \u00e0 r\u00e9action Typhoon, et \u00e0 d\u00e9velopper un missile de frappe de pr\u00e9cision profonde au cours de la prochaine d\u00e9cennie.<\/p>\n<p>D&rsquo;autres parties du trait\u00e9 visent \u00e0 approfondir la coop\u00e9ration \u00e9conomique en promouvant l&#8217;emploi et notamment la cr\u00e9ation d&#8217;emplois de haute qualit\u00e9, des plans pour une nouvelle liaison ferroviaire transfrontali\u00e8re et des mesures d&rsquo;exemption de visa pour certaines cat\u00e9gories de voyageurs. <\/p>\n<p>En ce qui concerne l&rsquo;accord limit\u00e9 qui facilitera les \u00e9changes scolaires, Friedrich Merz a d\u00e9clar\u00e9 qu&rsquo;il \u00e9tait \u00ab\u00a0heureux\u00a0\u00bb que l&rsquo;accord permette \u00ab\u00a0\u00e0 la jeune g\u00e9n\u00e9ration de mieux conna\u00eetre les deux pays\u00a0\u00bb.<\/p>\n<p>Lors de la signature de l&rsquo;accord, Merz s&rsquo;est dit \u00ab\u00a0surpris\u00a0\u00bb d&rsquo;apprendre qu&rsquo;il s&rsquo;agissait du premier trait\u00e9 de ce type entre le Royaume-Uni et l&rsquo;Allemagne depuis la Seconde Guerre mondiale.<\/p>\n<p>\u00ab\u00a0Nous vous avions dans l&rsquo;Union europ\u00e9enne et nous pensions que c&rsquo;\u00e9tait suffisant, mais nous apprenons aujourd&rsquo;hui que ce n&rsquo;est pas suffisant et que nous devons donc faire plus dans ce domaine\u00a0\u00bb, a-t-il d\u00e9clar\u00e9.<\/p>\n<p>Sources additionnelles<strong> \u2022 AP <\/strong><\/p>\n","protected":false},"excerpt":{"rendered":"PUBLICIT\u00c9 Le Premier ministre britannique Keir Starmer et le chancelier allemand Friedrich Merz ont sign\u00e9 un trait\u00e9 de&hellip;\n","protected":false},"author":2,"featured_media":254511,"comment_status":"","ping_status":"","sticky":false,"template":"","format":"standard","meta":{"footnotes":""},"categories":[1587],"tags":[11,672,1804,1805,554,1803,1777,674,4710,1801,1061,2581,12,1802,473],"class_list":{"0":"post-254510","1":"post","2":"type-post","3":"status-publish","4":"format-standard","5":"has-post-thumbnail","7":"category-allemagne","8":"tag-actualites","9":"tag-allemagne","10":"tag-bundesrepublik-deutschland","11":"tag-de","12":"tag-defense","13":"tag-deutschland","14":"tag-eu","15":"tag-europe","16":"tag-friedrich-merz","17":"tag-germany","18":"tag-immigration","19":"tag-keir-starmer","20":"tag-news","21":"tag-republique-federale-dallemagne","22":"tag-royaume-uni"},"share_on_mastodon":{"url":"https:\/\/pubeurope.com\/@fr\/114869926974104810","error":""},"_links":{"self":[{"href":"https:\/\/www.europesays.com\/fr\/wp-json\/wp\/v2\/posts\/254510","targetHints":{"allow":["GET"]}}],"collection":[{"href":"https:\/\/www.europesays.com\/fr\/wp-json\/wp\/v2\/posts"}],"about":[{"href":"https:\/\/www.europesays.com\/fr\/wp-json\/wp\/v2\/types\/post"}],"author":[{"embeddable":true,"href":"https:\/\/www.europesays.com\/fr\/wp-json\/wp\/v2\/users\/2"}],"replies":[{"embeddable":true,"href":"https:\/\/www.europesays.com\/fr\/wp-json\/wp\/v2\/comments?post=254510"}],"version-history":[{"count":0,"href":"https:\/\/www.europesays.com\/fr\/wp-json\/wp\/v2\/posts\/254510\/revisions"}],"wp:featuredmedia":[{"embeddable":true,"href":"https:\/\/www.europesays.com\/fr\/wp-json\/wp\/v2\/media\/254511"}],"wp:attachment":[{"href":"https:\/\/www.europesays.com\/fr\/wp-json\/wp\/v2\/media?parent=254510"}],"wp:term":[{"taxonomy":"category","embeddable":true,"href":"https:\/\/www.europesays.com\/fr\/wp-json\/wp\/v2\/categories?post=254510"},{"taxonomy":"post_tag","embeddable":true,"href":"https:\/\/www.europesays.com\/fr\/wp-json\/wp\/v2\/tags?post=254510"}],"curies":[{"name":"wp","href":"https:\/\/api.w.org\/{rel}","templated":true}]}}