{"id":254514,"date":"2025-07-17T18:13:10","date_gmt":"2025-07-17T18:13:10","guid":{"rendered":"https:\/\/www.europesays.com\/fr\/254514\/"},"modified":"2025-07-17T18:13:10","modified_gmt":"2025-07-17T18:13:10","slug":"budget-de-lue-la-priorite-a-la-defense-inclut-aussi-un-bouclier-democratique","status":"publish","type":"post","link":"https:\/\/www.europesays.com\/fr\/254514\/","title":{"rendered":"Budget de l\u2019UE: la priorit\u00e9 \u00e0 la d\u00e9fense inclut aussi un \u00abbouclier d\u00e9mocratique\u00bb"},"content":{"rendered":"<p>\n                                                La d\u00e9fense sera en t\u00eate des priorit\u00e9s du budget de l&rsquo;Union europ\u00e9enne pour la p\u00e9riode 2028-2034, la Commission l&rsquo;a redit lors de la pr\u00e9sentation hier (16 juillet 2025) des grandes lignes budg\u00e9taires. Mais Bruxelles pr\u00e9pare \u00e9galement un bouclier d\u00e9mocratique dont l&rsquo;un des objectifs sera la lutte contre les ing\u00e9rences et la d\u00e9sinformation.                    <\/p>\n<p><strong>Hackaton<\/strong><\/p>\n<p><strong>Cr\u00e9er une application pour d\u00e9jouer la d\u00e9sinformation<\/strong>, le tout en une journ\u00e9e, c\u2019est le d\u00e9fi lanc\u00e9 aux participants du hackathon qui \u00e9tait organis\u00e9 au Conseil de l\u2019Europe <strong>\u00e0 Strasbourg<\/strong> fin juin 2025. Une quarantaine de jeunes venus des quatre coins de l\u2019Europe ont relev\u00e9 le d\u00e9fi, encadr\u00e9s par une \u00e9quipe d\u2019experts juridiques.\u00a0<strong>Wylo\u00ebn\u00a0Munhoz-Boillot\u00a0a suivi la comp\u00e9tition.<\/strong><\/p>\n<p><strong>La <a href=\"https:\/\/www.rfi.fr\/fr\/tag\/finlande\" target=\"_self\" rel=\"noopener\">Finlande<\/a><\/strong> <strong>est le pays class\u00e9 leader mondial de l&rsquo;<a href=\"https:\/\/www.rfi.fr\/fr\/tag\/\u00e9ducation-aux-m\u00e9dias\/\" target=\"_self\" rel=\"noopener\">\u00e9ducation aux m\u00e9dias<\/a>.<\/strong> D\u00e8s leur plus jeune \u00e2ge, les \u00e9l\u00e8ves y apprennent \u00e0 discerner les informations fiables des informations erron\u00e9es ou mensong\u00e8res. \u202fLes explications de notre correspondante r\u00e9gionale <a href=\"https:\/\/www.rfi.fr\/fr\/auteur\/ottilia-ferey\/\" target=\"_self\" rel=\"noopener\"><strong>Ottilia Ferey<\/strong><\/a>.<\/p>\n<p>\u00a0<\/p>\n<p><strong>La revue de presse sonore de Franceline Beretti\u00a0:<\/strong> les \u00e9meutes contre les <strong><a href=\"https:\/\/www.rfi.fr\/fr\/tag\/immigration\/\" target=\"_self\" rel=\"noopener\">immigr\u00e9s<\/a><\/strong> en <strong><a href=\"https:\/\/www.rfi.fr\/fr\/tag\/espagne\/\" target=\"_self\" rel=\"noopener\">Espagne<\/a><\/strong>, la crise de la coalition <strong><a href=\"https:\/\/www.rfi.fr\/fr\/tag\/allemagne\/\" target=\"_self\" rel=\"noopener\">allemande<\/a><\/strong>, les divisions communautaires en <strong><a href=\"https:\/\/www.rfi.fr\/fr\/tag\/belgique\/\" target=\"_self\" rel=\"noopener\">Belgique<\/a><\/strong>, une sc\u00e8ne cocasse au Parlement <strong><a href=\"https:\/\/www.rfi.fr\/fr\/tag\/italie\/\" target=\"_self\" rel=\"noopener\">italien<\/a><\/strong>.<\/p>\n<p>\u00a0<\/p>\n<p><strong>\u00c0 Gibraltar, la fronti\u00e8re dispara\u00eet<\/strong><\/p>\n<p>Il a fallu 4 ans apr\u00e8s le <strong><a href=\"https:\/\/www.rfi.fr\/fr\/tag\/brexit\/\" target=\"_self\" rel=\"noopener\">Brexit<\/a><\/strong> pour r\u00e9soudre l&rsquo;\u00e9pineuse question du sort de Gibraltar. Le Rocher va disposer d\u2019un nouveau statut juridique\u00a0: l&rsquo;accord historique approuv\u00e9 le 12 juin, par le <strong><a href=\"https:\/\/www.rfi.fr\/fr\/tag\/royaume-uni\/\" target=\"_self\" rel=\"noopener\">Royaume-Uni<\/a><\/strong>, l\u2019Espagne et l&rsquo;Union europ\u00e9enne, supprime la fronti\u00e8re entre l&rsquo;enclave britannique et l\u2019Andalousie, pour faire place \u00e0 la libre circulation des personnes et des biens. De part et d\u2019autre du grillage qui s\u00e9pare encore les habitants, le changement est attendu avec des sentiments mitig\u00e9s, mais aussi beaucoup d&rsquo;enthousiasme, comme l&rsquo;a constat\u00e9 <strong>Diane Cambon<\/strong>.<\/p>\n<p>\u00a0<\/p>\n<p><strong>De l&rsquo;autre c\u00f4t\u00e9 de l&rsquo;Atlantique,<\/strong> <strong>les anciennes colonies de l&#8217;empire britannique cherchent \u00e0 resserrer les liens avec leurs descendants<\/strong>. 1.100.000 habitants du Royaume-Uni ont d\u00e9clar\u00e9 lors du recensement de 2021 avoir des origines carib\u00e9ennes. L&rsquo;<strong><a href=\"https:\/\/www.rfi.fr\/fr\/tag\/immigration\/\" target=\"_self\" rel=\"noopener\">\u00e9migration<\/a><\/strong> des Cara\u00efbes s&rsquo;est faite principalement apr\u00e8s-guerre et chez les plus jeunes les relations avec le pays d&rsquo;origine sont rares.<\/p>\n<p>Alors pour renforcer les liens, en Barbade un programme priv\u00e9 cherche \u00e0 susciter des vocations. Les explications de <strong>Marie Billon<\/strong> \u00e0 Londres.<\/p>\n","protected":false},"excerpt":{"rendered":"La d\u00e9fense sera en t\u00eate des priorit\u00e9s du budget de l&rsquo;Union europ\u00e9enne pour la p\u00e9riode 2028-2034, la Commission&hellip;\n","protected":false},"author":2,"featured_media":254515,"comment_status":"","ping_status":"","sticky":false,"template":"","format":"standard","meta":{"footnotes":""},"categories":[1586],"tags":[2361,11,554,1777,674,1779,590,1011,27,12,25,1778,364],"class_list":{"0":"post-254514","1":"post","2":"type-post","3":"status-publish","4":"format-standard","5":"has-post-thumbnail","7":"category-europe","8":"tag-accents-deurope","9":"tag-actualites","10":"tag-defense","11":"tag-eu","12":"tag-europe","13":"tag-european-union","14":"tag-finance","15":"tag-fr","16":"tag-france","17":"tag-news","18":"tag-republique-francaise","19":"tag-ue","20":"tag-union-europeenne"},"share_on_mastodon":{"url":"https:\/\/pubeurope.com\/@fr\/114869934746470411","error":""},"_links":{"self":[{"href":"https:\/\/www.europesays.com\/fr\/wp-json\/wp\/v2\/posts\/254514","targetHints":{"allow":["GET"]}}],"collection":[{"href":"https:\/\/www.europesays.com\/fr\/wp-json\/wp\/v2\/posts"}],"about":[{"href":"https:\/\/www.europesays.com\/fr\/wp-json\/wp\/v2\/types\/post"}],"author":[{"embeddable":true,"href":"https:\/\/www.europesays.com\/fr\/wp-json\/wp\/v2\/users\/2"}],"replies":[{"embeddable":true,"href":"https:\/\/www.europesays.com\/fr\/wp-json\/wp\/v2\/comments?post=254514"}],"version-history":[{"count":0,"href":"https:\/\/www.europesays.com\/fr\/wp-json\/wp\/v2\/posts\/254514\/revisions"}],"wp:featuredmedia":[{"embeddable":true,"href":"https:\/\/www.europesays.com\/fr\/wp-json\/wp\/v2\/media\/254515"}],"wp:attachment":[{"href":"https:\/\/www.europesays.com\/fr\/wp-json\/wp\/v2\/media?parent=254514"}],"wp:term":[{"taxonomy":"category","embeddable":true,"href":"https:\/\/www.europesays.com\/fr\/wp-json\/wp\/v2\/categories?post=254514"},{"taxonomy":"post_tag","embeddable":true,"href":"https:\/\/www.europesays.com\/fr\/wp-json\/wp\/v2\/tags?post=254514"}],"curies":[{"name":"wp","href":"https:\/\/api.w.org\/{rel}","templated":true}]}}