{"id":254518,"date":"2025-07-17T18:15:10","date_gmt":"2025-07-17T18:15:10","guid":{"rendered":"https:\/\/www.europesays.com\/fr\/254518\/"},"modified":"2025-07-17T18:15:10","modified_gmt":"2025-07-17T18:15:10","slug":"ligpn-ouvre-une-enquete-apres-un-don-de-kylian-mbappe-a-des-crs","status":"publish","type":"post","link":"https:\/\/www.europesays.com\/fr\/254518\/","title":{"rendered":"L\u2019IGPN ouvre une enqu\u00eate apr\u00e8s un don de Kylian Mbapp\u00e9 \u00e0 des CRS"},"content":{"rendered":"<p>L\u2019histoire, rapport\u00e9e par le <a href=\"https:\/\/www.lecanardenchaine.fr\/police-justice\/51367-kylian-mbappe-se-paie-des-flics-ligpn-siffle-penalty\" rel=\"nofollow noopener\" target=\"_blank\" class=\"color-ultramarine c-link\">Canard Encha\u00een\u00e9<\/a> mercredi, remonte \u00e0 la <a href=\"https:\/\/www.20minutes.fr\/sport\/coupe_du_monde_2022\/\" target=\"_blank\" class=\"color-ultramarine c-link\" rel=\"noopener\">Coupe du monde\u00a02022<\/a>. Cinq CRS affect\u00e9s \u00e0 la protection de l\u2019\u00e9quipe de France ont re\u00e7u de la part du capitaine des Bleus une somme s\u2019\u00e9levant \u00e0 un total \u00e0 180.300 euros (30.000 euros pour quatre brigadiers-chefs, 60.300 euros pour le chef). Des versements qui ont pouss\u00e9 l\u2019Inspection g\u00e9n\u00e9rale de la police nationale (IGPN) \u00e0 d\u00e9clencher une enqu\u00eate.<\/p>\n<p>Ces dons de l\u2019attaquant du <a href=\"https:\/\/www.20minutes.fr\/sport\/real_madrid\/\" target=\"_blank\" class=\"color-ultramarine c-link\" rel=\"noopener\">Real Madrid<\/a> ont \u00e9t\u00e9 effectu\u00e9s le 19\u00a0juin 2023, selon un document sign\u00e9 Tracfin. Ce service de renseignement fran\u00e7ais, rattach\u00e9 au minist\u00e8re de l\u2019Economie, est charg\u00e9 de la lutte contre le blanchiment d\u2019argent, le financement du terrorisme mais aussi contre la fraude fiscale, sociale et douani\u00e8re.<\/p>\n<p>\u00ab\u00a0Tout a \u00e9t\u00e9 fait dans le respect des r\u00e8gles\u00a0\u00bb<\/p>\n<p>Le Canard assure avoir consult\u00e9 une note sign\u00e9e de la main de <a href=\"https:\/\/www.20minutes.fr\/sport\/kylian-mbappe\/\" target=\"_blank\" class=\"color-ultramarine c-link\" rel=\"noopener\">Kylian Mbapp\u00e9<\/a> dans laquelle ce dernier explique avoir revers\u00e9 l\u2019int\u00e9gralit\u00e9 de sa prime de participation au Mondial au Qatar \u00e0 diverses associations, dont celle dont il est le parrain, <a href=\"https:\/\/premiersdecordee.org\/\" rel=\"nofollow noopener\" target=\"_blank\" class=\"color-ultramarine c-link\">Premiers de Cord\u00e9e<\/a>, ainsi qu&rsquo;\u00ab\u00a0aux membres de l\u2019\u00e9quipe charg\u00e9e de la s\u00e9curit\u00e9 des joueurs\u00a0\u00bb, qui n\u2019avaient rien touch\u00e9. Un avocat fiscaliste lui a confirm\u00e9 que \u00ab\u00a0les b\u00e9n\u00e9ficiaires de ces dons d\u2019usage\u00a0\u00bb n\u2019\u00e9taient pas tenus d\u2019effectuer une d\u00e9claration au fisc.<\/p>\n<p>\u00ab\u00a0Ce don a \u00e9t\u00e9 fait dans un esprit d\u2019\u00e9quit\u00e9, de reconnaissance du travail accompli, sans aucune contrepartie. Tout a \u00e9t\u00e9 fait dans le respect des r\u00e8gles, mais aussi dans l\u2019esprit de la loi, qui autorise un joueur \u00e0 exprimer sa reconnaissance envers celles et ceux qui travaillent dans l\u2019ombre, avec loyaut\u00e9 et engagement. Ce lien de confiance entre les joueurs et les agents de s\u00e9curit\u00e9 m\u00e9rite d\u2019\u00eatre reconnu, pas d\u00e9valoris\u00e9\u00a0\u00bb, a r\u00e9agi l\u2019entourage du joueur, d\u2019apr\u00e8s <a href=\"https:\/\/www.lequipe.fr\/Football\/Actualites\/L-igpn-ouvre-une-enquete-apres-un-don-de-kylian-mbappe-a-des-policiers\/1578670\" rel=\"nofollow noopener\" target=\"_blank\" class=\"color-ultramarine c-link\">L\u2019Equipe<\/a>.<\/p>\n","protected":false},"excerpt":{"rendered":"L\u2019histoire, rapport\u00e9e par le Canard Encha\u00een\u00e9 mercredi, remonte \u00e0 la Coupe du monde\u00a02022. Cinq CRS affect\u00e9s \u00e0 la&hellip;\n","protected":false},"author":2,"featured_media":254519,"comment_status":"","ping_status":"","sticky":false,"template":"","format":"standard","meta":{"footnotes":""},"categories":[2],"tags":[11,6714,6713,63,1011,27,35088,6477,12,1072,25,517],"class_list":{"0":"post-254518","1":"post","2":"type-post","3":"status-publish","4":"format-standard","5":"has-post-thumbnail","7":"category-actualites","8":"tag-actualites","9":"tag-coupe-du-monde-2022","10":"tag-equipe-de-france-de-football","11":"tag-football","12":"tag-fr","13":"tag-france","14":"tag-igpn","15":"tag-kylian-mbappe","16":"tag-news","17":"tag-police","18":"tag-republique-francaise","19":"tag-sport"},"share_on_mastodon":{"url":"https:\/\/pubeurope.com\/@fr\/114869942575857558","error":""},"_links":{"self":[{"href":"https:\/\/www.europesays.com\/fr\/wp-json\/wp\/v2\/posts\/254518","targetHints":{"allow":["GET"]}}],"collection":[{"href":"https:\/\/www.europesays.com\/fr\/wp-json\/wp\/v2\/posts"}],"about":[{"href":"https:\/\/www.europesays.com\/fr\/wp-json\/wp\/v2\/types\/post"}],"author":[{"embeddable":true,"href":"https:\/\/www.europesays.com\/fr\/wp-json\/wp\/v2\/users\/2"}],"replies":[{"embeddable":true,"href":"https:\/\/www.europesays.com\/fr\/wp-json\/wp\/v2\/comments?post=254518"}],"version-history":[{"count":0,"href":"https:\/\/www.europesays.com\/fr\/wp-json\/wp\/v2\/posts\/254518\/revisions"}],"wp:featuredmedia":[{"embeddable":true,"href":"https:\/\/www.europesays.com\/fr\/wp-json\/wp\/v2\/media\/254519"}],"wp:attachment":[{"href":"https:\/\/www.europesays.com\/fr\/wp-json\/wp\/v2\/media?parent=254518"}],"wp:term":[{"taxonomy":"category","embeddable":true,"href":"https:\/\/www.europesays.com\/fr\/wp-json\/wp\/v2\/categories?post=254518"},{"taxonomy":"post_tag","embeddable":true,"href":"https:\/\/www.europesays.com\/fr\/wp-json\/wp\/v2\/tags?post=254518"}],"curies":[{"name":"wp","href":"https:\/\/api.w.org\/{rel}","templated":true}]}}