{"id":254524,"date":"2025-07-17T18:19:11","date_gmt":"2025-07-17T18:19:11","guid":{"rendered":"https:\/\/www.europesays.com\/fr\/254524\/"},"modified":"2025-07-17T18:19:11","modified_gmt":"2025-07-17T18:19:11","slug":"super-xiii-villeneuve-xiii-se-renforce-a-xv-rugby-a-xiii","status":"publish","type":"post","link":"https:\/\/www.europesays.com\/fr\/254524\/","title":{"rendered":"Super XIII &#8211; Villeneuve XIII se renforce \u00e0 XV &#8211; Rugby \u00e0 XIII"},"content":{"rendered":"<p class=\"p1\" style=\"text-align: justify;\"><strong>Romain Rieucaud, qui \u00e9voluait sous les couleurs de Sainte-Livrade-sur-Lot \u00e0 XV, a d\u00e9cid\u00e9 de franchir \u00e0 nouveau le Rubicon.<\/strong><\/p>\n<p class=\"p1\" style=\"text-align: justify;\">Et pour cause, il avait d\u00e9j\u00e0 port\u00e9 les couleurs de Villeneuve \u00e0 plusieurs reprise, avec des licences simultan\u00e9es \u00e0 XIII et \u00e0 XV. La derni\u00e8re fois, c\u2019\u00e9tait lors de la saison 2020-2021 o\u00f9 il avait disput\u00e9 plusieurs rencontres avec l\u2019\u00e9quipe U19.<\/p>\n<p class=\"p1\" style=\"text-align: justify;\">Capable d\u2019\u00e9voluer \u00e0 la charni\u00e8re mais aussi \u00e0 tous les postes de la ligne de trois-quarts dans les rangs quinzistes, il devrait probablement \u00eatre positionn\u00e9 en tant qu\u2019ailier ou centre avec les L\u00e9opards. Dot\u00e9 d\u2019une tr\u00e8s bonne pointe de vitesse et d\u2019une bonne vision du jeu, il pourrait \u00eatre un pari gagnant pour l\u2019\u00e9quipe de Villeneuve-sur-Lot cette saison.<\/p>\n<blockquote class=\"instagram-media\" data-instgrm-captioned=\"\" data-instgrm-permalink=\"https:\/\/www.instagram.com\/p\/DMGPUnlNe6n\/?utm_source=ig_embed&amp;utm_campaign=loading\" data-instgrm-version=\"14\" style=\" background:#FFF; border:0; border-radius:3px; box-shadow:0 0 1px 0 rgba(0,0,0,0.5),0 1px 10px 0 rgba(0,0,0,0.15); margin: 1px; max-width:500px; min-width:326px; padding:0; width:99.375%; width:-webkit-calc(100% - 2px); width:calc(100% - 2px);\">\n<\/blockquote>\n<p>        <script async src=\"\/\/www.instagram.com\/embed.js\"><\/script><\/p>\n","protected":false},"excerpt":{"rendered":"Romain Rieucaud, qui \u00e9voluait sous les couleurs de Sainte-Livrade-sur-Lot \u00e0 XV, a d\u00e9cid\u00e9 de franchir \u00e0 nouveau le&hellip;\n","protected":false},"author":2,"featured_media":254525,"comment_status":"","ping_status":"","sticky":false,"template":"","format":"standard","meta":{"footnotes":""},"categories":[1416],"tags":[1011,27,39478,479,2228,1468,2229,60,39479,39480,7304],"class_list":{"0":"post-254524","1":"post","2":"type-post","3":"status-publish","4":"format-standard","5":"has-post-thumbnail","7":"category-rugby","8":"tag-fr","9":"tag-france","10":"tag-romain-rieucaud","11":"tag-rugby","12":"tag-rugby-a-xiii","13":"tag-rugby-football","14":"tag-rugby-league","15":"tag-sports","16":"tag-villeneuve-rugby-league","17":"tag-villeneuve-sur-lot","18":"tag-villeneuve-xiii"},"share_on_mastodon":{"url":"https:\/\/pubeurope.com\/@fr\/114869958339882071","error":""},"_links":{"self":[{"href":"https:\/\/www.europesays.com\/fr\/wp-json\/wp\/v2\/posts\/254524","targetHints":{"allow":["GET"]}}],"collection":[{"href":"https:\/\/www.europesays.com\/fr\/wp-json\/wp\/v2\/posts"}],"about":[{"href":"https:\/\/www.europesays.com\/fr\/wp-json\/wp\/v2\/types\/post"}],"author":[{"embeddable":true,"href":"https:\/\/www.europesays.com\/fr\/wp-json\/wp\/v2\/users\/2"}],"replies":[{"embeddable":true,"href":"https:\/\/www.europesays.com\/fr\/wp-json\/wp\/v2\/comments?post=254524"}],"version-history":[{"count":0,"href":"https:\/\/www.europesays.com\/fr\/wp-json\/wp\/v2\/posts\/254524\/revisions"}],"wp:featuredmedia":[{"embeddable":true,"href":"https:\/\/www.europesays.com\/fr\/wp-json\/wp\/v2\/media\/254525"}],"wp:attachment":[{"href":"https:\/\/www.europesays.com\/fr\/wp-json\/wp\/v2\/media?parent=254524"}],"wp:term":[{"taxonomy":"category","embeddable":true,"href":"https:\/\/www.europesays.com\/fr\/wp-json\/wp\/v2\/categories?post=254524"},{"taxonomy":"post_tag","embeddable":true,"href":"https:\/\/www.europesays.com\/fr\/wp-json\/wp\/v2\/tags?post=254524"}],"curies":[{"name":"wp","href":"https:\/\/api.w.org\/{rel}","templated":true}]}}