{"id":254526,"date":"2025-07-17T18:20:11","date_gmt":"2025-07-17T18:20:11","guid":{"rendered":"https:\/\/www.europesays.com\/fr\/254526\/"},"modified":"2025-07-17T18:20:11","modified_gmt":"2025-07-17T18:20:11","slug":"videos-atp-larchive-revelatrice-de-jannik-sinner-a-17-ans-je-naime-pas-les-boites-de-nuit-mon-pere-ma-offert-une-raquette-et-a-14-ans-jai-decide-de-devenir-professionnel","status":"publish","type":"post","link":"https:\/\/www.europesays.com\/fr\/254526\/","title":{"rendered":"Vid\u00e9os, ATP > L&rsquo;archive r\u00e9v\u00e9latrice de Jannik Sinner \u00e0 17 ans : \u00ab\u00a0Je n&rsquo;aime pas les bo\u00eetes de nuit. Mon p\u00e8re m&rsquo;a offert une raquette et, \u00e0 14 ans, j&rsquo;ai d\u00e9cid\u00e9 de devenir professionnel\u00a0\u00bb"},"content":{"rendered":"<p>R\u00e9cent vain\u00adqueur de Wimbledon et d\u00e9j\u00e0 titr\u00e9 \u00e0 quatre reprises en Grand Chelem, Jannik Sinner a eu un parcours atypique.<\/p>\n<p>Ancien cham\u00adpion de ski chez les juniors et consi\u00add\u00e9r\u00e9 comme l\u2019un des skieurs les plus promet\u00adteurs de sa g\u00e9n\u00e9\u00adra\u00adtion, l\u2019Italien a d\u00e9cid\u00e9 de se consa\u00adcrer au tennis alors qu\u2019il avait d\u00e9j\u00e0 13\u00a0ans.\u00a0<\/p>\n<p>Raison de plus pour ressortir cette archive assez savou\u00adreuse et d\u00e9j\u00e0 r\u00e9v\u00e9\u00adla\u00adtrice du carac\u00adt\u00e8re de l\u2019ac\u00adtuel num\u00e9ro 1 mondial.\u00a0<\/p>\n<blockquote class=\"twitter-tweet\">\n<p lang=\"en\" dir=\"ltr\">Jannik Sinner at 17\u00a0:<\/p>\n<p>\u201cMy dad gave me a racket and at 14 I decided to become a profes\u00adsional. I train every day. On court, everyone has their own way \u2014 I think I\u2019m very calm.\u201d<\/p>\n<p>\u201cI don\u2019t like the night\u00adclub life, I\u2019d rather drink a Coca\u2010Cola.\u201d\ud83d\ude05\ud83c\udfbe<\/p>\n<p>\ud83d\udcf9 via Ansa <a href=\"https:\/\/t.co\/4HpobqvdwR\" data-wpel-link=\"external\" target=\"_blank\" rel=\"nofollow external noopener\">pic.twitter.com\/4HpobqvdwR<\/a><\/p>\n<p>\u2014 The Sinner Times (@sinnertimes) <a href=\"https:\/\/twitter.com\/sinnertimes\/status\/1945607149779910860?ref_src=twsrc%5Etfw\" data-wpel-link=\"external\" target=\"_blank\" rel=\"nofollow external noopener\">July 16,\u00a02025<\/a><\/p><\/blockquote>\n<p><strong>\u00ab\u202fMon p\u00e8re m\u2019a offert une raquette et, \u00e0 14 ans, j\u2019ai d\u00e9cid\u00e9 de devenir profes\u00adsionnel. Je m\u2019en\u00adtra\u00eene tous les jours. Sur le court, chacun a sa fa\u00e7on de faire\u202f; je pense \u00eatre quel\u00adqu\u2019un de tr\u00e8s calme. Je n\u2019aime pas les bo\u00eetes de nuit, je pr\u00e9f\u00e8re boire un Coca\u2010Cola.\u202f\u00bb<\/strong><\/p>\n<p class=\"post-published-date\" style=\"color: silver; font-size: 75%; text-align: left;\">Publi\u00e9 le jeudi 17 juillet 2025 \u00e0 19:30<\/p>\n<p><script async src=\"https:\/\/platform.twitter.com\/widgets.js\" charset=\"utf-8\"><\/script><\/p>\n","protected":false},"excerpt":{"rendered":"R\u00e9cent vain\u00adqueur de Wimbledon et d\u00e9j\u00e0 titr\u00e9 \u00e0 quatre reprises en Grand Chelem, Jannik Sinner a eu un&hellip;\n","protected":false},"author":2,"featured_media":254527,"comment_status":"","ping_status":"","sticky":false,"template":"","format":"standard","meta":{"footnotes":""},"categories":[1415],"tags":[1011,27,2127,60,1467],"class_list":{"0":"post-254526","1":"post","2":"type-post","3":"status-publish","4":"format-standard","5":"has-post-thumbnail","7":"category-tennis","8":"tag-fr","9":"tag-france","10":"tag-sinner","11":"tag-sports","12":"tag-tennis"},"share_on_mastodon":{"url":"https:\/\/pubeurope.com\/@fr\/114869962215019221","error":""},"_links":{"self":[{"href":"https:\/\/www.europesays.com\/fr\/wp-json\/wp\/v2\/posts\/254526","targetHints":{"allow":["GET"]}}],"collection":[{"href":"https:\/\/www.europesays.com\/fr\/wp-json\/wp\/v2\/posts"}],"about":[{"href":"https:\/\/www.europesays.com\/fr\/wp-json\/wp\/v2\/types\/post"}],"author":[{"embeddable":true,"href":"https:\/\/www.europesays.com\/fr\/wp-json\/wp\/v2\/users\/2"}],"replies":[{"embeddable":true,"href":"https:\/\/www.europesays.com\/fr\/wp-json\/wp\/v2\/comments?post=254526"}],"version-history":[{"count":0,"href":"https:\/\/www.europesays.com\/fr\/wp-json\/wp\/v2\/posts\/254526\/revisions"}],"wp:featuredmedia":[{"embeddable":true,"href":"https:\/\/www.europesays.com\/fr\/wp-json\/wp\/v2\/media\/254527"}],"wp:attachment":[{"href":"https:\/\/www.europesays.com\/fr\/wp-json\/wp\/v2\/media?parent=254526"}],"wp:term":[{"taxonomy":"category","embeddable":true,"href":"https:\/\/www.europesays.com\/fr\/wp-json\/wp\/v2\/categories?post=254526"},{"taxonomy":"post_tag","embeddable":true,"href":"https:\/\/www.europesays.com\/fr\/wp-json\/wp\/v2\/tags?post=254526"}],"curies":[{"name":"wp","href":"https:\/\/api.w.org\/{rel}","templated":true}]}}