{"id":254528,"date":"2025-07-17T18:22:11","date_gmt":"2025-07-17T18:22:11","guid":{"rendered":"https:\/\/www.europesays.com\/fr\/254528\/"},"modified":"2025-07-17T18:22:11","modified_gmt":"2025-07-17T18:22:11","slug":"zarco-veut-la-position-de-pilote-numero-1-chez-honda-meme-chez-lcr","status":"publish","type":"post","link":"https:\/\/www.europesays.com\/fr\/254528\/","title":{"rendered":"Zarco veut \u00ab\u00a0la position de pilote num\u00e9ro 1\u00a0\u00bb chez Honda, m\u00eame chez LCR"},"content":{"rendered":"<p>Septi\u00e8me du <a href=\"https:\/\/fr.motorsport.com\/motogp\/news\/championnat-marc-marquez-impossible-rattraper-10741888\/10741888\/\" target=\"_self\" rel=\"noopener\">championnat<\/a>, avec plus de points que les autres pilotes Honda r\u00e9unis, <a href=\"https:\/\/fr.motorsport.com\/driver\/johann-zarco\/96107\/\" target=\"_blank\" rel=\"noopener\">Johann Zarco<\/a> exprime l&rsquo;ambition d&rsquo;\u00eatre le premier pilote de la marque la saison prochaine. En discussion pour son avenir depuis plusieurs semaines d\u00e9j\u00e0, le Fran\u00e7ais se montre ouvert quant \u00e0 l&rsquo;\u00e9quipe dans laquelle il pourrait poursuivre son engagement, cependant il met en avant un statut privil\u00e9gi\u00e9 qu&rsquo;il souhaiterait avoir et qu&rsquo;il juge m\u00e9riter.<\/p>\n<p>En d\u00e9but de saison, Johann Zarco estimait <a href=\"https:\/\/fr.motorsport.com\/motogp\/news\/zarco-promotion-logique-premier-pilote-honda\/10720479\/\" target=\"_self\" rel=\"noopener\">\u00ab\u00a0logique\u00a0\u00bb d&rsquo;\u00eatre promu dans l&rsquo;\u00e9quipe d&rsquo;usine<\/a>, une perspective <a href=\"https:\/\/fr.motorsport.com\/motogp\/news\/cecchinello-zarco-pas-interet-rejoindre-honda\/10721213\/\" target=\"_self\" rel=\"noopener\">qui donnait des sueurs froides \u00e0 Lucio Cecchinello<\/a>. Aujourd&rsquo;hui la position du pilote a quelque peu \u00e9volu\u00e9, en lien avec ce que le constructeur peut proposer au-del\u00e0 de la distinction entre son \u00e9quipe officielle et son team satellite.<\/p>\n<p>Questionn\u00e9 ce jeudi pour savoir si <a href=\"https:\/\/fr.motorsport.com\/motogp\/news\/jorge-martin-aprilia-serein-conserver-2026\/10741244\/\" target=\"_self\" rel=\"noopener\">la r\u00e9solution de l&rsquo;affaire opposant Jorge Mart\u00edn et Aprilia<\/a>, et donc le maintien du pilote dans son \u00e9quipe actuelle pour la saison prochaine alors qu&rsquo;on le disait lorgner sur une place chez Honda, changeait la donne pour lui, Johann Zarco a r\u00e9pondu\u00a0:\u00a0\u00ab\u00a0Non. La situation est que les choses se passent bien avec Honda et je sais que je peux rester avec eux, mais il faut encore \u00e9valuer [ce choix entre] LCR et le HRC. Ils voulaient avoir un peu de temps. Il est vrai que le fait que <a href=\"https:\/\/fr.motorsport.com\/driver\/jorge-martin\/109391\/\" target=\"_blank\" rel=\"noopener\">Jorge Mart\u00edn<\/a> reste chez Aprilia fait na\u00eetre encore plus de points d&rsquo;interrogation quant \u00e0 o\u00f9 je pourrais aller.\u00a0\u00bb<\/p>\n<p>   <img decoding=\"async\" draggable=\"false\" src=\"https:\/\/www.europesays.com\/fr\/wp-content\/uploads\/2025\/07\/1752776531_482_johann-zarco-team-lcr-honda.jpg\" alt=\"Johann Zarco est celui qui a ramen\u00e9 Honda \u00e0 la victoire, au GP de France.\" width=\"1200\" height=\"800\" loading=\"lazy\"\/> <\/p>\n<p class=\"title\">Johann Zarco est celui qui a ramen\u00e9 Honda \u00e0 la victoire, au GP de France.<\/p>\n<p class=\"photographer\">Photo de: Marc Fleury<\/p>\n<p>\u00ab\u00a0Je pense que la position de pilote num\u00e9ro 1 est importante\u00a0\u00bb, a poursuivi le pilote fran\u00e7ais, \u00ab\u00a0j&rsquo;ai besoin de l&rsquo;\u00eatre et il serait logique que \u00e7a le soit au HRC. Mais les choses peuvent bouger chez Honda, et m\u00eame en \u00e9tant chez LCR je peux peut-\u00eatre \u00eatre le pilote num\u00e9ro 1. Pour le moment, c&rsquo;est un petit peu en stand-by mais \u00e7a ne change pas mon travail en piste.\u00a0\u00bb<\/p>\n<p>\u00ab\u00a0Id\u00e9alement\u00a0\u00bb, rester chez LCR<\/p>\n<p>Lorsqu&rsquo;il lui a \u00e9t\u00e9 demand\u00e9 ce qu&rsquo;il pr\u00e9f\u00e9rait, Johann Zarco a montr\u00e9 qu&rsquo;il avait fait m\u00fbrir son point de vue depuis le printemps. \u00ab\u00a0Id\u00e9alement, ce serait de rester chez LCR\u00a0\u00bb, a-t-il r\u00e9pondu, \u00ab\u00a0parce que ce qu&rsquo;on est en train de b\u00e2tir est tr\u00e8s bon. Je veux aussi garder au moins mon chef m\u00e9canicien parce que vu ce que je suis en train de d\u00e9velopper avec lui, ce sera un avantage de commencer une nouvelle saison avec la m\u00eame personne parce que \u00e7a fait gagner du temps imm\u00e9diatement pendant les essais hivernaux.\u00a0\u00bb<\/p>\n<p>\u00ab\u00a0Et la relation qu&rsquo;on b\u00e2tit avec Lucio est aussi tr\u00e8s int\u00e9ressante, il travaille beaucoup avec ses partenaires et sponsors et je peux voir qu&rsquo;avec l&rsquo;exp\u00e9rience que j&rsquo;ai, je peux faire plaisir aux partenaires plus qu&rsquo;un autre pilote. La belle histoire, ce serait \u00e7a. Mais il y a aussi Honda, qui peut prendre une d\u00e9cision. Donc il faut attendre un peu pour comprendre ce qui va se passer.\u00a0\u00bb<\/p>\n<p>Lui qui a f\u00eat\u00e9 ses 35 ans hier, il veut aussi se projeter sur la dur\u00e9e et non sur une prolongation d&rsquo;une seule ann\u00e9e, et ce en d\u00e9pit du bouleversement attendu en 2027. \u00ab\u00a0J&rsquo;adorerais \u00eatre l\u00e0 en 2027\u00a0!\u00a0Quand il y a un changement de r\u00e8glement, c&rsquo;est une opportunit\u00e9. La Honda peut peut-\u00eatre devenir la meilleure moto, ou en tout cas il y aura moins de diff\u00e9rence avec la Ducati, alors c&rsquo;est une opportunit\u00e9 pour d\u00e9crocher des podiums et de gagner des courses. Parce qu&rsquo;on voit que quand une opportunit\u00e9 se pr\u00e9sente, je la saisis.\u00a0\u00bb<\/p>\n<p>Lire aussi :<\/p>\n<p>Dans cet article<\/p>\n<p>Soyez le premier inform\u00e9 et souscrivez aux alertes mails pour recevoir les infos en temps r\u00e9el<\/p>\n<p>    S&rsquo;abonner aux alertes de news<\/p>\n","protected":false},"excerpt":{"rendered":"Septi\u00e8me du championnat, avec plus de points que les autres pilotes Honda r\u00e9unis, Johann Zarco exprime l&rsquo;ambition d&rsquo;\u00eatre&hellip;\n","protected":false},"author":2,"featured_media":254529,"comment_status":"","ping_status":"","sticky":false,"template":"","format":"standard","meta":{"footnotes":""},"categories":[1413],"tags":[1011,27,3345,1741,1457,1456,1458,60,3771],"class_list":{"0":"post-254528","1":"post","2":"type-post","3":"status-publish","4":"format-standard","5":"has-post-thumbnail","7":"category-moto","8":"tag-fr","9":"tag-france","10":"tag-honda-hrc","11":"tag-johann-zarco","12":"tag-moto","13":"tag-motocycle","14":"tag-motogp","15":"tag-sports","16":"tag-team-lcr"},"share_on_mastodon":{"url":"https:\/\/pubeurope.com\/@fr\/114869970336424786","error":""},"_links":{"self":[{"href":"https:\/\/www.europesays.com\/fr\/wp-json\/wp\/v2\/posts\/254528","targetHints":{"allow":["GET"]}}],"collection":[{"href":"https:\/\/www.europesays.com\/fr\/wp-json\/wp\/v2\/posts"}],"about":[{"href":"https:\/\/www.europesays.com\/fr\/wp-json\/wp\/v2\/types\/post"}],"author":[{"embeddable":true,"href":"https:\/\/www.europesays.com\/fr\/wp-json\/wp\/v2\/users\/2"}],"replies":[{"embeddable":true,"href":"https:\/\/www.europesays.com\/fr\/wp-json\/wp\/v2\/comments?post=254528"}],"version-history":[{"count":0,"href":"https:\/\/www.europesays.com\/fr\/wp-json\/wp\/v2\/posts\/254528\/revisions"}],"wp:featuredmedia":[{"embeddable":true,"href":"https:\/\/www.europesays.com\/fr\/wp-json\/wp\/v2\/media\/254529"}],"wp:attachment":[{"href":"https:\/\/www.europesays.com\/fr\/wp-json\/wp\/v2\/media?parent=254528"}],"wp:term":[{"taxonomy":"category","embeddable":true,"href":"https:\/\/www.europesays.com\/fr\/wp-json\/wp\/v2\/categories?post=254528"},{"taxonomy":"post_tag","embeddable":true,"href":"https:\/\/www.europesays.com\/fr\/wp-json\/wp\/v2\/tags?post=254528"}],"curies":[{"name":"wp","href":"https:\/\/api.w.org\/{rel}","templated":true}]}}