{"id":254532,"date":"2025-07-17T18:24:11","date_gmt":"2025-07-17T18:24:11","guid":{"rendered":"https:\/\/www.europesays.com\/fr\/254532\/"},"modified":"2025-07-17T18:24:11","modified_gmt":"2025-07-17T18:24:11","slug":"tdf-tour-de-france-jorgenson-on-na-pas-encore-dit-notre-dernier-mot","status":"publish","type":"post","link":"https:\/\/www.europesays.com\/fr\/254532\/","title":{"rendered":"TDF. Tour de France &#8211; Jorgenson : \u00abOn n&rsquo;a pas encore dit notre dernier mot&#8230;\u00bb"},"content":{"rendered":"<p>Dure journ\u00e9e pour l&rsquo;\u00e9quipe <strong>Visma | Lease A Bike<\/strong> ce jeudi. Alors qu&rsquo;on pensait les abeilles capables\u00a0de contester la supr\u00e9matie de <strong><a href=\"https:\/\/www.cyclismactu.net\/..\/news-tdf-route-tour-de-france-tadej-pogacar-une-revanche-n-y-ai-pas-pense-89022.html\" target=\"_blank\" rel=\"nofollow noopener\">Tadej Pogacar<\/a> <\/strong>(UAE Team Emirates XRG) en utilisant strat\u00e9giquement leur duo <strong>Jonas Vingegaard<\/strong> &#8211; <strong>Mateo Jorgenson<\/strong>, ils ont tr\u00e8s rapidement d\u00fb baisser pavillon face \u00e0 l&rsquo;ogre slov\u00e8ne. Malheureusement pour l&rsquo;\u00e9quipe n\u00e9erlandaise, <strong>Jorgenson <\/strong>n&rsquo;\u00e9tait clairement pas dans un bon jour et a d\u00fb se contenter d&rsquo;un r\u00f4le de figurant sur cette \u00e9tape. \u00ab\u00a0J&rsquo;ai vraiment connu une journ\u00e9e horrible. D\u00e8s le d\u00e9but de\u00a0l\u2019\u00e9tape, j&rsquo;ai senti que cela n&rsquo;irait pas aujourd&rsquo;hui\u00a0\u00bb confiait l&rsquo;am\u00e9ricain \u00e0 l&rsquo;arriv\u00e9e de l&rsquo;\u00e9tape au sommet d&rsquo;Hautacam.\u00a0<\/p>\n<p>\u00a0<\/p>\n<p>\u00ab\u00a0On va encore essayer sur ce Tour de France !\u00a0\u00bb<\/p>\n<p>Apparu tr\u00e8s marqu\u00e9 \u00e0 la fin de l&rsquo;\u00e9tape, <strong>Jorgenson <\/strong>restait malgr\u00e9 tout lucide sur ses performances. \u00ab\u00a0Je n&rsquo;ai pas vraiment d&rsquo;excuses. J&rsquo;ai d\u00e9j\u00e0 tout donn\u00e9 pour passer le premier col. J&rsquo;\u00e9tais compl\u00e8tement vid\u00e9 dans la mont\u00e9e d&rsquo;Hautacam. Du coup, je me suis dit que je n&rsquo;allais pas forcer car j&rsquo;avais de toute fa\u00e7on perdu tout chance de bien figurer au classement g\u00e9n\u00e9ral et d&rsquo;\u00eatre utile \u00e0 Jonas Vingegaard sur ce plan-l\u00e0. Maintenant, il est temps d&rsquo;\u00e9valuer les choses sous un nouvel angle. On n&rsquo;a pas dit notre dernier mot, on va repartir \u00e0 l&rsquo;attaque ! M\u00eame si aujourd&rsquo;hui, on a bien vu que Pogacar \u00e9tait au-dessus du lot\u00a0\u00bb. La formation <strong>Visma | Lease A Bike <\/strong>parviendra-t-elle \u00e0 se relever de cet uppercut ? Quel sera le plan pour la suite du <strong><a href=\"https:\/\/www.cyclismactu.net\/..\/news-tdf-route-tour-de-france-tadej-pogacar-ecrase-12e-etape-et-vingegaard-hautacam-89018.html\" target=\"_blank\" rel=\"nofollow noopener\">Tour de France<\/a><\/strong> ? On a h\u00e2te de le d\u00e9couvrir !\u00a0<\/p>\n<p>Tour de France &#8211; Classement de la 12\u00e8 \u00e9tape Tour de France &#8211; Classement g\u00e9n\u00e9ral provisoire apr\u00e8s la 12\u00e8 \u00e9tapeDANS LA M\u00caME CAT\u00c9GORIEA LA UNE<\/p>\n","protected":false},"excerpt":{"rendered":"Dure journ\u00e9e pour l&rsquo;\u00e9quipe Visma | Lease A Bike ce jeudi. Alors qu&rsquo;on pensait les abeilles capables\u00a0de contester&hellip;\n","protected":false},"author":2,"featured_media":254533,"comment_status":"","ping_status":"","sticky":false,"template":"","format":"standard","meta":{"footnotes":""},"categories":[1411],"tags":[1154,207,211,1011,27,209,60,210,212,208,213],"class_list":{"0":"post-254532","1":"post","2":"type-post","3":"status-publish","4":"format-standard","5":"has-post-thumbnail","7":"category-cyclisme","8":"tag-cycling","9":"tag-cyclisme","10":"tag-ffc","11":"tag-fr","12":"tag-france","13":"tag-route","14":"tag-sports","15":"tag-tour-de-france","16":"tag-uci","17":"tag-velo","18":"tag-world-tour"},"share_on_mastodon":{"url":"https:\/\/pubeurope.com\/@fr\/114869977940560873","error":""},"_links":{"self":[{"href":"https:\/\/www.europesays.com\/fr\/wp-json\/wp\/v2\/posts\/254532","targetHints":{"allow":["GET"]}}],"collection":[{"href":"https:\/\/www.europesays.com\/fr\/wp-json\/wp\/v2\/posts"}],"about":[{"href":"https:\/\/www.europesays.com\/fr\/wp-json\/wp\/v2\/types\/post"}],"author":[{"embeddable":true,"href":"https:\/\/www.europesays.com\/fr\/wp-json\/wp\/v2\/users\/2"}],"replies":[{"embeddable":true,"href":"https:\/\/www.europesays.com\/fr\/wp-json\/wp\/v2\/comments?post=254532"}],"version-history":[{"count":0,"href":"https:\/\/www.europesays.com\/fr\/wp-json\/wp\/v2\/posts\/254532\/revisions"}],"wp:featuredmedia":[{"embeddable":true,"href":"https:\/\/www.europesays.com\/fr\/wp-json\/wp\/v2\/media\/254533"}],"wp:attachment":[{"href":"https:\/\/www.europesays.com\/fr\/wp-json\/wp\/v2\/media?parent=254532"}],"wp:term":[{"taxonomy":"category","embeddable":true,"href":"https:\/\/www.europesays.com\/fr\/wp-json\/wp\/v2\/categories?post=254532"},{"taxonomy":"post_tag","embeddable":true,"href":"https:\/\/www.europesays.com\/fr\/wp-json\/wp\/v2\/tags?post=254532"}],"curies":[{"name":"wp","href":"https:\/\/api.w.org\/{rel}","templated":true}]}}