{"id":254538,"date":"2025-07-17T18:27:10","date_gmt":"2025-07-17T18:27:10","guid":{"rendered":"https:\/\/www.europesays.com\/fr\/254538\/"},"modified":"2025-07-17T18:27:10","modified_gmt":"2025-07-17T18:27:10","slug":"la-maison-de-philippe-starck-une-cabane-sur-pilotis-au-coeur-de-la-pinede","status":"publish","type":"post","link":"https:\/\/www.europesays.com\/fr\/254538\/","title":{"rendered":"La maison de Philippe Starck, une cabane sur pilotis au c\u0153ur de la pin\u00e8de"},"content":{"rendered":"<p>#FromHomeWithLove, une s\u00e9rie lanc\u00e9e par AD pendant le confinement, en 2020<\/p>\n<p>Nous sommes en avril 2020, le monde est mis sur pause suite \u00e0 l\u2019\u00e9pid\u00e9mie du Covid et la France entame son tout premier <a href=\"https:\/\/www.admagazine.fr\/article\/petit-espace-shanghai-amenage-confinement\" target=\"_blank\" rel=\"noopener\">confinement<\/a>. Les r\u00e8gles sont strictes, les sorties sont rarement autoris\u00e9es et sous attestation. Les plus chanceux quittent la ville pour se confiner au vert, dans des maisons de campagne ou r\u00e9sidences secondaires. \u00c0 l\u2019\u00e9poque, la r\u00e9daction d\u2019AD contacte plusieurs grands noms du design et de l\u2019architecture pour qu\u2019il nous racontent leur confinement en vid\u00e9o. Que font-ils ? Comment travaillent-ils ? Quel est leur espace de cr\u00e9ation pendant ce confinement forc\u00e9 ? La s\u00e9rie s&rsquo;intitule <a href=\"https:\/\/www.admagazine.fr\/decoration\/visite-deco\/diaporama\/fromhomewithlove-philippe-starck-nous-ouvre-les-portes-de-son-lieu-de-creation\/59903\" target=\"_blank\" rel=\"noopener\">#FromHomeWithLove<\/a>.<\/p>\n<p>Philippe Starck est confin\u00e9 dans une cabane au c\u0153ur de la pin\u00e8de<\/p>\n<p>Parmi les intervenants, <a href=\"https:\/\/www.admagazine.fr\/article\/nouvel-hotel-philippe-starck-metz\" target=\"_blank\" rel=\"noopener\">Philippe Starck<\/a> qui nous ouvre les portes de sa maison dans le sud-ouest de la France. Une cabane en bois pos\u00e9e sur pilotis, brute et ouverte sur la nature environnante. <a data-offer-url=\"https:\/\/www.dailymotion.com\/video\/x7tcqi4\" class=\"external-link\" data-event-click=\"{&quot;element&quot;:&quot;ExternalLink&quot;,&quot;outgoingURL&quot;:&quot;https:\/\/www.dailymotion.com\/video\/x7tcqi4&quot;}\" href=\"https:\/\/www.dailymotion.com\/video\/x7tcqi4\" rel=\"nofollow noopener\" target=\"_blank\">L\u2019architecte entame son discours<\/a> en parlant de sa situation g\u00e9ographique en pleine nature : \u00ab dans le ciel, dans le vent, dans la for\u00eat, dans l\u2019herbe, notre petite maison, notre cabane sur pilotis. \u00bb En effet, c\u2019est une cabane en bois \u00e0 laquelle on acc\u00e8de par une vol\u00e9e de marches, de larges baies vitr\u00e9es ouvrant partout sur la pin\u00e8de. D\u00e8s l\u2019entr\u00e9e, on aper\u00e7oit l\u2019\u00e9pouse de <a href=\"https:\/\/www.admagazine.fr\/article\/maisons-grands-architectes-vendre-starck-jean-nouvel\" target=\"_blank\" rel=\"noopener\">Philippe Starck<\/a> en pleine s\u00e9ance de sport tout comme les r\u00e9serves de l\u00e9gumes rang\u00e9es dans d\u2019\u00e9l\u00e9gants paniers en osier. La vannerie a d\u2019ailleurs une place importante dans ce d\u00e9cor qui n\u2019est parfois pas sans rappeler celui de l\u2019h\u00f4tel <a href=\"https:\/\/www.admagazine.fr\/adadresses\/article\/hotel-cinq-etoiles-philippe-starck-cote-dazur-plage\" target=\"_blank\" rel=\"noopener\">Lily of the Valley<\/a> sur certains d\u00e9tails \u2014 la suspension en osier dans le coin salon, par exemple. \u00c0 travers les stores, la for\u00eat est omnipr\u00e9sente et la tranquillit\u00e9 de mise. Toute forme de voisinage semble totalement absente. Au sol, des lattes de parquer en bois blanc typiques des maisons de la r\u00e9gion.<\/p>\n<p>Bienvenue dans le bureau de Philippe Starck, son lieu de cr\u00e9ation<\/p>\n<p>Philippe Starck s\u2019appr\u00eate ainsi \u00e0 nous faire visiter son bureau dit son \u00ab lieu de cr\u00e9ation \u00bb pendant le confinement. Pour entrer dans la pi\u00e8ce, il pousse une porte sur laquelle est scotch\u00e9 un papier \u00ab doucement \u00bb ; de l\u2019autre c\u00f4t\u00e9 ? \u00ab Fermer la porte, merci. \u00bb La concentration est donc de mise entre les murs de son atelier de cr\u00e9ation, \u00ab un \u00e9norme bordel \u00bb dit-il. Si les dossiers, la paperasse, les pots remplis \u00e0 ras bord de crayons accrochent le regard, c\u2019est surtout le paysage environnant qui r\u00e8gne en ma\u00eetre ici. La pi\u00e8ce est enti\u00e8rement cern\u00e9e de grandes baies vitr\u00e9es ouvertes sur la pin\u00e8de, invitant la lumi\u00e8re \u00e0 se promener du lit au bureau en passant par la table de chevet et sa bande dessin\u00e9e. Les fronti\u00e8res entre l\u2019int\u00e9rieur et l\u2019ext\u00e9rieur s\u2019estompent, et on comprend ais\u00e9ment \u00e0 quel point l\u2019atmosph\u00e8re peut y \u00eatre inspirante. L\u2019architecte et designer r\u00e9pond aux questions que nous lui avions envoy\u00e9 au pr\u00e9alable.<\/p>\n<p>Notre question-r\u00e9ponse avec l&rsquo;architecte et designer Philippe Starck<\/p>\n<p><strong>&#8211; Fermez-vous la porte derri\u00e8re vous lorsque vous y \u00eates ?<\/strong><\/p>\n<p>Oui, vous avez vu.<\/p>\n","protected":false},"excerpt":{"rendered":"#FromHomeWithLove, une s\u00e9rie lanc\u00e9e par AD pendant le confinement, en 2020 Nous sommes en avril 2020, le monde&hellip;\n","protected":false},"author":2,"featured_media":254539,"comment_status":"","ping_status":"","sticky":false,"template":"","format":"standard","meta":{"footnotes":""},"categories":[1358],"tags":[13382,1348,1384,1385,1386,58,59,1011,27,30970],"class_list":{"0":"post-254538","1":"post","2":"type-post","3":"status-publish","4":"format-standard","5":"has-post-thumbnail","7":"category-arts-et-design","8":"tag-architecture-et-nature","9":"tag-arts","10":"tag-arts-and-design","11":"tag-arts-et-design","12":"tag-design","13":"tag-divertissement","14":"tag-entertainment","15":"tag-fr","16":"tag-france","17":"tag-philippe-starck"},"share_on_mastodon":{"url":"https:\/\/pubeurope.com\/@fr\/114869989757101038","error":""},"_links":{"self":[{"href":"https:\/\/www.europesays.com\/fr\/wp-json\/wp\/v2\/posts\/254538","targetHints":{"allow":["GET"]}}],"collection":[{"href":"https:\/\/www.europesays.com\/fr\/wp-json\/wp\/v2\/posts"}],"about":[{"href":"https:\/\/www.europesays.com\/fr\/wp-json\/wp\/v2\/types\/post"}],"author":[{"embeddable":true,"href":"https:\/\/www.europesays.com\/fr\/wp-json\/wp\/v2\/users\/2"}],"replies":[{"embeddable":true,"href":"https:\/\/www.europesays.com\/fr\/wp-json\/wp\/v2\/comments?post=254538"}],"version-history":[{"count":0,"href":"https:\/\/www.europesays.com\/fr\/wp-json\/wp\/v2\/posts\/254538\/revisions"}],"wp:featuredmedia":[{"embeddable":true,"href":"https:\/\/www.europesays.com\/fr\/wp-json\/wp\/v2\/media\/254539"}],"wp:attachment":[{"href":"https:\/\/www.europesays.com\/fr\/wp-json\/wp\/v2\/media?parent=254538"}],"wp:term":[{"taxonomy":"category","embeddable":true,"href":"https:\/\/www.europesays.com\/fr\/wp-json\/wp\/v2\/categories?post=254538"},{"taxonomy":"post_tag","embeddable":true,"href":"https:\/\/www.europesays.com\/fr\/wp-json\/wp\/v2\/tags?post=254538"}],"curies":[{"name":"wp","href":"https:\/\/api.w.org\/{rel}","templated":true}]}}